{"id":24893,"date":"2022-09-28T13:25:52","date_gmt":"2022-09-28T13:25:52","guid":{"rendered":"https:\/\/www.elpolitologoyelpolitico.com.ar\/wordpress\/?p=24893"},"modified":"2022-09-28T13:26:26","modified_gmt":"2022-09-28T13:26:26","slug":"patagones-se-prepara-para-la-llegada-de-los-maximos-referentes-de-la-lucha-contra-el-grooming-en-argentina","status":"publish","type":"post","link":"https:\/\/www.elpolitologoyelpolitico.com.ar\/wordpress\/2022\/09\/28\/patagones-se-prepara-para-la-llegada-de-los-maximos-referentes-de-la-lucha-contra-el-grooming-en-argentina\/","title":{"rendered":"Patagones se prepara para la llegada de los m\u00e1ximos referentes de la lucha contra el Grooming en Argentina"},"content":{"rendered":"\n<p>Con el fin de ultimar detalles para el cierre de charlas sobre \u00abGrooming\u00bb y uso responsable de redes sociales, este martes se reunieron los responsables de las \u00e1reas de Comunicaci\u00f3n, Protocolo, Desarrollo Social, Jefatura Distrital y la responsable de Programas P\u00fablicos y el Interior, Mar\u00eda Ciccone.&nbsp;<\/p>\n\n\n\n<p>En la oportunidad, coordinaron las tareas del cierre de las jornadas que brindar\u00e1n los m\u00e1ximos referentes de la lucha contra el Grooming en Argentina en el Distrito, con el fin de concientizar, sensibilizar y prevenir el delito que aflige a ni\u00f1os, ni\u00f1as y adolescentes.&nbsp;<\/p>\n\n\n\n<p>Las mismas se desarrollar\u00e1n el pr\u00f3ximo jueves, 13 de octubre, en Villalonga, para alumnos y docentes del Interior del Distrito.&nbsp;<\/p>\n\n\n\n<p>En tanto, el viernes 14 la jornada ser\u00e1 en Carmen de Patagones, destinada a la comunidad educativa, fuerzas de seguridad y vecinos de la localidad.<\/p>\n<div class=\"fb-background-color\">\n\t\t\t  <div \n\t\t\t  \tclass = \"fb-comments\" \n\t\t\t  \tdata-href = \"https:\/\/www.elpolitologoyelpolitico.com.ar\/wordpress\/2022\/09\/28\/patagones-se-prepara-para-la-llegada-de-los-maximos-referentes-de-la-lucha-contra-el-grooming-en-argentina\/\"\n\t\t\t  \tdata-numposts = \"10\"\n\t\t\t  \tdata-lazy = \"true\"\n\t\t\t\tdata-colorscheme = \"light\"\n\t\t\t\tdata-order-by = \"social\"\n\t\t\t\tdata-mobile=true>\n\t\t\t  <\/div><\/div>\n\t\t  <style>\n\t\t    .fb-background-color {\n\t\t\t\tbackground: #ffffff !important;\n\t\t\t}\n\t\t\t.fb_iframe_widget_fluid_desktop iframe {\n\t\t\t    width: 100% !important;\n\t\t\t}\n\t\t  <\/style>\n\t\t  ","protected":false},"excerpt":{"rendered":"<p>Con el fin de ultimar detalles para el cierre de charlas sobre \u00abGrooming\u00bb y uso responsable de redes sociales, este martes se reunieron los responsables de las \u00e1reas de Comunicaci\u00f3n, Protocolo, Desarrollo Social, Jefatura Distrital y la responsable de Programas P\u00fablicos y el Interior, Mar\u00eda Ciccone.&nbsp; En la oportunidad, coordinaron las tareas del cierre de [&hellip;]<\/p>\n","protected":false},"author":4,"featured_media":24894,"comment_status":"closed","ping_status":"closed","sticky":false,"template":"","format":"standard","meta":{"_joinchat":[],"footnotes":""},"categories":[4],"tags":[],"class_list":["post-24893","post","type-post","status-publish","format-standard","has-post-thumbnail","hentry","category-politicas-publicas"],"_links":{"self":[{"href":"https:\/\/www.elpolitologoyelpolitico.com.ar\/wordpress\/wp-json\/wp\/v2\/posts\/24893","targetHints":{"allow":["GET"]}}],"collection":[{"href":"https:\/\/www.elpolitologoyelpolitico.com.ar\/wordpress\/wp-json\/wp\/v2\/posts"}],"about":[{"href":"https:\/\/www.elpolitologoyelpolitico.com.ar\/wordpress\/wp-json\/wp\/v2\/types\/post"}],"author":[{"embeddable":true,"href":"https:\/\/www.elpolitologoyelpolitico.com.ar\/wordpress\/wp-json\/wp\/v2\/users\/4"}],"replies":[{"embeddable":true,"href":"https:\/\/www.elpolitologoyelpolitico.com.ar\/wordpress\/wp-json\/wp\/v2\/comments?post=24893"}],"version-history":[{"count":0,"href":"https:\/\/www.elpolitologoyelpolitico.com.ar\/wordpress\/wp-json\/wp\/v2\/posts\/24893\/revisions"}],"wp:featuredmedia":[{"embeddable":true,"href":"https:\/\/www.elpolitologoyelpolitico.com.ar\/wordpress\/wp-json\/wp\/v2\/media\/24894"}],"wp:attachment":[{"href":"https:\/\/www.elpolitologoyelpolitico.com.ar\/wordpress\/wp-json\/wp\/v2\/media?parent=24893"}],"wp:term":[{"taxonomy":"category","embeddable":true,"href":"https:\/\/www.elpolitologoyelpolitico.com.ar\/wordpress\/wp-json\/wp\/v2\/categories?post=24893"},{"taxonomy":"post_tag","embeddable":true,"href":"https:\/\/www.elpolitologoyelpolitico.com.ar\/wordpress\/wp-json\/wp\/v2\/tags?post=24893"}],"curies":[{"name":"wp","href":"https:\/\/api.w.org\/{rel}","templated":true}]}}