{"id":24880,"date":"2022-09-27T18:52:46","date_gmt":"2022-09-27T18:52:46","guid":{"rendered":"https:\/\/www.elpolitologoyelpolitico.com.ar\/wordpress\/?p=24880"},"modified":"2022-09-27T18:53:18","modified_gmt":"2022-09-27T18:53:18","slug":"siguen-los-problemas-de-inseguridad-en-rio-negro-le-dispararon-a-una-mujer-y-robaron-en-las-ultimas-horas-en-viedma","status":"publish","type":"post","link":"https:\/\/www.elpolitologoyelpolitico.com.ar\/wordpress\/2022\/09\/27\/siguen-los-problemas-de-inseguridad-en-rio-negro-le-dispararon-a-una-mujer-y-robaron-en-las-ultimas-horas-en-viedma\/","title":{"rendered":"Siguen los problemas de Inseguridad en Rio Negro: Le dispararon a una Mujer y Robaron en las ultimas horas en Viedma"},"content":{"rendered":"\n<p>En estas \u00faltimas horas se conocieron algunos hechos de inseguridad en la Provincia de Rio Negro.&nbsp;<\/p>\n\n\n\n<p>En Viedma, Capital de R\u00edo Negro, una mujer caminaba a un merendero y recibi\u00f3 un disparo en la pierna en la calle 30. Por el momento, se desconoce de donde venia el disparo.&nbsp;<\/p>\n\n\n\n<p>Por otro lado,&nbsp; robaron una moto en el barrio 152 viv y tras&nbsp; persecuci\u00f3n policial terminaron aprendidos en Caseros y Canada.<\/p>\n\n\n\n<p>En la madrugada (1 am) un joven iba con su bicicleta cerca del cementerio de Viedma y fue atacado por varios j\u00f3venes. Le sacaron la bicicleta y quer\u00edan sus pertenec\u00edas. Los delincuentes, lograron escapar con la bicicleta y hasta el momento no se sabe su paradero.<\/p>\n\n\n\n<p>El domingo, le robaron una bicicleta, un celular y dinero a los \u00e1rbitros en un partido de futbol en Viedma y se llevaron toda sus ganancias y suspendieron la fecha del torneo.&nbsp;&nbsp;<\/p>\n\n\n\n<p>La Polic\u00eda y el Ministerio de R\u00edo Negro se encuentran en un momento cr\u00edtico por todo lo que esta sucediendo no solo en Viedma, sino tambi\u00e9n en toda la Provincia de R\u00edo Negro.&nbsp;&nbsp;<\/p>\n\n\n\n<p>En los \u00faltimos d\u00edas Intendentes, vecinos, instituciones y comisiones de fomento salieron a reclamar por la inseguridad en la Provincia y esperan una soluci\u00f3n lo antes posible.\u00a0<\/p>\n\n\n\n<figure class=\"wp-block-gallery has-nested-images columns-default is-cropped wp-block-gallery-1 is-layout-flex wp-block-gallery-is-layout-flex\"><\/figure>\n<div class=\"fb-background-color\">\n\t\t\t  <div \n\t\t\t  \tclass = \"fb-comments\" \n\t\t\t  \tdata-href = \"https:\/\/www.elpolitologoyelpolitico.com.ar\/wordpress\/2022\/09\/27\/siguen-los-problemas-de-inseguridad-en-rio-negro-le-dispararon-a-una-mujer-y-robaron-en-las-ultimas-horas-en-viedma\/\"\n\t\t\t  \tdata-numposts = \"10\"\n\t\t\t  \tdata-lazy = \"true\"\n\t\t\t\tdata-colorscheme = \"light\"\n\t\t\t\tdata-order-by = \"social\"\n\t\t\t\tdata-mobile=true>\n\t\t\t  <\/div><\/div>\n\t\t  <style>\n\t\t    .fb-background-color {\n\t\t\t\tbackground: #ffffff !important;\n\t\t\t}\n\t\t\t.fb_iframe_widget_fluid_desktop iframe {\n\t\t\t    width: 100% !important;\n\t\t\t}\n\t\t  <\/style>\n\t\t  ","protected":false},"excerpt":{"rendered":"<p>En estas \u00faltimas horas se conocieron algunos hechos de inseguridad en la Provincia de Rio Negro.&nbsp; En Viedma, Capital de R\u00edo Negro, una mujer caminaba a un merendero y recibi\u00f3 un disparo en la pierna en la calle 30. Por el momento, se desconoce de donde venia el disparo.&nbsp; Por otro lado,&nbsp; robaron una moto [&hellip;]<\/p>\n","protected":false},"author":4,"featured_media":24881,"comment_status":"closed","ping_status":"closed","sticky":false,"template":"","format":"standard","meta":{"_joinchat":[],"footnotes":""},"categories":[39],"tags":[],"class_list":["post-24880","post","type-post","status-publish","format-standard","has-post-thumbnail","hentry","category-en-esta-seccion"],"_links":{"self":[{"href":"https:\/\/www.elpolitologoyelpolitico.com.ar\/wordpress\/wp-json\/wp\/v2\/posts\/24880","targetHints":{"allow":["GET"]}}],"collection":[{"href":"https:\/\/www.elpolitologoyelpolitico.com.ar\/wordpress\/wp-json\/wp\/v2\/posts"}],"about":[{"href":"https:\/\/www.elpolitologoyelpolitico.com.ar\/wordpress\/wp-json\/wp\/v2\/types\/post"}],"author":[{"embeddable":true,"href":"https:\/\/www.elpolitologoyelpolitico.com.ar\/wordpress\/wp-json\/wp\/v2\/users\/4"}],"replies":[{"embeddable":true,"href":"https:\/\/www.elpolitologoyelpolitico.com.ar\/wordpress\/wp-json\/wp\/v2\/comments?post=24880"}],"version-history":[{"count":0,"href":"https:\/\/www.elpolitologoyelpolitico.com.ar\/wordpress\/wp-json\/wp\/v2\/posts\/24880\/revisions"}],"wp:featuredmedia":[{"embeddable":true,"href":"https:\/\/www.elpolitologoyelpolitico.com.ar\/wordpress\/wp-json\/wp\/v2\/media\/24881"}],"wp:attachment":[{"href":"https:\/\/www.elpolitologoyelpolitico.com.ar\/wordpress\/wp-json\/wp\/v2\/media?parent=24880"}],"wp:term":[{"taxonomy":"category","embeddable":true,"href":"https:\/\/www.elpolitologoyelpolitico.com.ar\/wordpress\/wp-json\/wp\/v2\/categories?post=24880"},{"taxonomy":"post_tag","embeddable":true,"href":"https:\/\/www.elpolitologoyelpolitico.com.ar\/wordpress\/wp-json\/wp\/v2\/tags?post=24880"}],"curies":[{"name":"wp","href":"https:\/\/api.w.org\/{rel}","templated":true}]}}