{"id":24858,"date":"2022-09-27T15:28:12","date_gmt":"2022-09-27T15:28:12","guid":{"rendered":"https:\/\/www.elpolitologoyelpolitico.com.ar\/wordpress\/?p=24858"},"modified":"2022-09-27T15:28:49","modified_gmt":"2022-09-27T15:28:49","slug":"viedma-afianza-el-control-de-residuos-patologicos","status":"publish","type":"post","link":"https:\/\/www.elpolitologoyelpolitico.com.ar\/wordpress\/2022\/09\/27\/viedma-afianza-el-control-de-residuos-patologicos\/","title":{"rendered":"Viedma afianza el control de residuos patol\u00f3gicos"},"content":{"rendered":"\n<p>El Secretario de Servicios, Espacio P\u00fablico y Ambiente, Gast\u00f3n Guti\u00e9rrez, encabez\u00f3 una reuni\u00f3n de trabajo con las \u00e1reas t\u00e9nicas de Zoonosis del Gobierno de Viedma, y de Salud Ambiental del Ministerio de Salud de R\u00edo Negro.<\/p>\n\n\n\n<p>El motivo de la misma, fue delinear estrategias que fortalezcan el control de trazabilidad y la correcta gesti\u00f3n de los residuos generados por las pr\u00e1cticas quir\u00farquicas de castraci\u00f3n en la ciudad de Viedma.<\/p>\n\n\n\n<p>&nbsp;\u00abTeniendo en cuenta que el material descartable utilizado es un residuo patol\u00f3gico generado por la unidad sanitaria o los profesionales que llevan adelante las castraciones, tanto en el \u00e1mbito p\u00fablico como privado, debemos mejorar la corriente de disposicion inicial, traslado y disposici\u00f3n final de estos desechos, para que estos residuos peligrosos sean gestionados de la manera correcta\u00bb se\u00f1al\u00f3 el funcionario municipal.&nbsp;<\/p>\n\n\n\n<p>Para esto, los pr\u00f3ximos pasos se desarrollar\u00e1n profundizando el marco de obligaciones y competencias dentro de la normativa municipal vigente y a la que esta adherida el Gobierno de Viedma, para las castraciones e intervenciones quir\u00fargico sanitarias en animales, y la generaci\u00f3n de los residuos patol\u00f3gicos propios de dichas pr\u00e1cticas.<\/p>\n<div class=\"fb-background-color\">\n\t\t\t  <div \n\t\t\t  \tclass = \"fb-comments\" \n\t\t\t  \tdata-href = \"https:\/\/www.elpolitologoyelpolitico.com.ar\/wordpress\/2022\/09\/27\/viedma-afianza-el-control-de-residuos-patologicos\/\"\n\t\t\t  \tdata-numposts = \"10\"\n\t\t\t  \tdata-lazy = \"true\"\n\t\t\t\tdata-colorscheme = \"light\"\n\t\t\t\tdata-order-by = \"social\"\n\t\t\t\tdata-mobile=true>\n\t\t\t  <\/div><\/div>\n\t\t  <style>\n\t\t    .fb-background-color {\n\t\t\t\tbackground: #ffffff !important;\n\t\t\t}\n\t\t\t.fb_iframe_widget_fluid_desktop iframe {\n\t\t\t    width: 100% !important;\n\t\t\t}\n\t\t  <\/style>\n\t\t  ","protected":false},"excerpt":{"rendered":"<p>El Secretario de Servicios, Espacio P\u00fablico y Ambiente, Gast\u00f3n Guti\u00e9rrez, encabez\u00f3 una reuni\u00f3n de trabajo con las \u00e1reas t\u00e9nicas de Zoonosis del Gobierno de Viedma, y de Salud Ambiental del Ministerio de Salud de R\u00edo Negro. El motivo de la misma, fue delinear estrategias que fortalezcan el control de trazabilidad y la correcta gesti\u00f3n de [&hellip;]<\/p>\n","protected":false},"author":4,"featured_media":24859,"comment_status":"closed","ping_status":"closed","sticky":false,"template":"","format":"standard","meta":{"_joinchat":[],"footnotes":""},"categories":[39],"tags":[],"class_list":["post-24858","post","type-post","status-publish","format-standard","has-post-thumbnail","hentry","category-en-esta-seccion"],"_links":{"self":[{"href":"https:\/\/www.elpolitologoyelpolitico.com.ar\/wordpress\/wp-json\/wp\/v2\/posts\/24858","targetHints":{"allow":["GET"]}}],"collection":[{"href":"https:\/\/www.elpolitologoyelpolitico.com.ar\/wordpress\/wp-json\/wp\/v2\/posts"}],"about":[{"href":"https:\/\/www.elpolitologoyelpolitico.com.ar\/wordpress\/wp-json\/wp\/v2\/types\/post"}],"author":[{"embeddable":true,"href":"https:\/\/www.elpolitologoyelpolitico.com.ar\/wordpress\/wp-json\/wp\/v2\/users\/4"}],"replies":[{"embeddable":true,"href":"https:\/\/www.elpolitologoyelpolitico.com.ar\/wordpress\/wp-json\/wp\/v2\/comments?post=24858"}],"version-history":[{"count":0,"href":"https:\/\/www.elpolitologoyelpolitico.com.ar\/wordpress\/wp-json\/wp\/v2\/posts\/24858\/revisions"}],"wp:featuredmedia":[{"embeddable":true,"href":"https:\/\/www.elpolitologoyelpolitico.com.ar\/wordpress\/wp-json\/wp\/v2\/media\/24859"}],"wp:attachment":[{"href":"https:\/\/www.elpolitologoyelpolitico.com.ar\/wordpress\/wp-json\/wp\/v2\/media?parent=24858"}],"wp:term":[{"taxonomy":"category","embeddable":true,"href":"https:\/\/www.elpolitologoyelpolitico.com.ar\/wordpress\/wp-json\/wp\/v2\/categories?post=24858"},{"taxonomy":"post_tag","embeddable":true,"href":"https:\/\/www.elpolitologoyelpolitico.com.ar\/wordpress\/wp-json\/wp\/v2\/tags?post=24858"}],"curies":[{"name":"wp","href":"https:\/\/api.w.org\/{rel}","templated":true}]}}