{"id":24854,"date":"2022-09-27T01:28:27","date_gmt":"2022-09-27T01:28:27","guid":{"rendered":"https:\/\/www.elpolitologoyelpolitico.com.ar\/wordpress\/?p=24854"},"modified":"2022-09-27T01:33:42","modified_gmt":"2022-09-27T01:33:42","slug":"manana-mas-del-90-de-los-trabajadores-se-adhieren-al-paro-de-ate","status":"publish","type":"post","link":"https:\/\/www.elpolitologoyelpolitico.com.ar\/wordpress\/2022\/09\/27\/manana-mas-del-90-de-los-trabajadores-se-adhieren-al-paro-de-ate\/","title":{"rendered":"Ma\u00f1ana mas del 90% de los trabajadores se adhieren al paro de ATE"},"content":{"rendered":"\n<p>As\u00ed lo resolvi\u00f3 la Conducci\u00f3n del sindicato reunido esta ma\u00f1ana.<\/p>\n\n\n\n<p>La Mesa nacional de ATE ratific\u00f3 esta ma\u00f1ana el Paro con movilizaciones en todo el pa\u00eds tal como fuera anunciado la semana pasada por el Consejo Directivo Nacional y ratificado al d\u00eda siguiente en un plenario con sectores de la zona metropolitana.<\/p>\n\n\n\n<p>Tras reiterados reclamos por parte de ATE, el sindicato valora la decisi\u00f3n del Gobierno de adelantar la paritaria para el mes de septiembre \u2013 se realizar\u00e1 el pr\u00f3ximo viernes 30 a las 11 hs \u2013 pero ante la falta de una propuesta concreta la medida de fuerza contin\u00faa su curso.<\/p>\n\n\n\n<p>Adem\u00e1s,&nbsp; en el planteamiento que deriv\u00f3 en el anuncio del Paro, se puso \u00e9nfasis en la grave situaci\u00f3n que atraviesan lxs trabajadores provinciales y municipales que en su gran mayor\u00eda cobran salarios por debajo de la l\u00ednea de pobreza y ante la falta de Convenios Colectivos de Trabajo para avanzar en una negociaci\u00f3n entre las partes.<\/p>\n\n\n\n<p>Ante este escenario, se ratifica el Paro Nacional con movilizaci\u00f3n en los estados nacional, provincial y municipal exigiendo aumento de emergencia, aumento de la paritaria por encima de la inflaci\u00f3n, el adelantamiento de los tramos del 2023 al 2022 y el cumplimiento de los 30 mil pases a Planta Permanente acordados con el Gobierno nacional.<\/p>\n<div class=\"fb-background-color\">\n\t\t\t  <div \n\t\t\t  \tclass = \"fb-comments\" \n\t\t\t  \tdata-href = \"https:\/\/www.elpolitologoyelpolitico.com.ar\/wordpress\/2022\/09\/27\/manana-mas-del-90-de-los-trabajadores-se-adhieren-al-paro-de-ate\/\"\n\t\t\t  \tdata-numposts = \"10\"\n\t\t\t  \tdata-lazy = \"true\"\n\t\t\t\tdata-colorscheme = \"light\"\n\t\t\t\tdata-order-by = \"social\"\n\t\t\t\tdata-mobile=true>\n\t\t\t  <\/div><\/div>\n\t\t  <style>\n\t\t    .fb-background-color {\n\t\t\t\tbackground: #ffffff !important;\n\t\t\t}\n\t\t\t.fb_iframe_widget_fluid_desktop iframe {\n\t\t\t    width: 100% !important;\n\t\t\t}\n\t\t  <\/style>\n\t\t  ","protected":false},"excerpt":{"rendered":"<p>As\u00ed lo resolvi\u00f3 la Conducci\u00f3n del sindicato reunido esta ma\u00f1ana. La Mesa nacional de ATE ratific\u00f3 esta ma\u00f1ana el Paro con movilizaciones en todo el pa\u00eds tal como fuera anunciado la semana pasada por el Consejo Directivo Nacional y ratificado al d\u00eda siguiente en un plenario con sectores de la zona metropolitana. Tras reiterados reclamos [&hellip;]<\/p>\n","protected":false},"author":4,"featured_media":24855,"comment_status":"closed","ping_status":"closed","sticky":false,"template":"","format":"standard","meta":{"_joinchat":[],"footnotes":""},"categories":[39],"tags":[],"class_list":["post-24854","post","type-post","status-publish","format-standard","has-post-thumbnail","hentry","category-en-esta-seccion"],"_links":{"self":[{"href":"https:\/\/www.elpolitologoyelpolitico.com.ar\/wordpress\/wp-json\/wp\/v2\/posts\/24854","targetHints":{"allow":["GET"]}}],"collection":[{"href":"https:\/\/www.elpolitologoyelpolitico.com.ar\/wordpress\/wp-json\/wp\/v2\/posts"}],"about":[{"href":"https:\/\/www.elpolitologoyelpolitico.com.ar\/wordpress\/wp-json\/wp\/v2\/types\/post"}],"author":[{"embeddable":true,"href":"https:\/\/www.elpolitologoyelpolitico.com.ar\/wordpress\/wp-json\/wp\/v2\/users\/4"}],"replies":[{"embeddable":true,"href":"https:\/\/www.elpolitologoyelpolitico.com.ar\/wordpress\/wp-json\/wp\/v2\/comments?post=24854"}],"version-history":[{"count":0,"href":"https:\/\/www.elpolitologoyelpolitico.com.ar\/wordpress\/wp-json\/wp\/v2\/posts\/24854\/revisions"}],"wp:featuredmedia":[{"embeddable":true,"href":"https:\/\/www.elpolitologoyelpolitico.com.ar\/wordpress\/wp-json\/wp\/v2\/media\/24855"}],"wp:attachment":[{"href":"https:\/\/www.elpolitologoyelpolitico.com.ar\/wordpress\/wp-json\/wp\/v2\/media?parent=24854"}],"wp:term":[{"taxonomy":"category","embeddable":true,"href":"https:\/\/www.elpolitologoyelpolitico.com.ar\/wordpress\/wp-json\/wp\/v2\/categories?post=24854"},{"taxonomy":"post_tag","embeddable":true,"href":"https:\/\/www.elpolitologoyelpolitico.com.ar\/wordpress\/wp-json\/wp\/v2\/tags?post=24854"}],"curies":[{"name":"wp","href":"https:\/\/api.w.org\/{rel}","templated":true}]}}