{"id":24848,"date":"2022-09-27T00:25:18","date_gmt":"2022-09-27T00:25:18","guid":{"rendered":"https:\/\/www.elpolitologoyelpolitico.com.ar\/wordpress\/?p=24848"},"modified":"2022-09-27T00:26:16","modified_gmt":"2022-09-27T00:26:16","slug":"avanza-la-obra-de-la-nueva-terminal-de-omnibus-con-el-armado-de-la-estructura-general","status":"publish","type":"post","link":"https:\/\/www.elpolitologoyelpolitico.com.ar\/wordpress\/2022\/09\/27\/avanza-la-obra-de-la-nueva-terminal-de-omnibus-con-el-armado-de-la-estructura-general\/","title":{"rendered":"Avanza la obra de la nueva Terminal de \u00d3mnibus con el armado de la estructura general"},"content":{"rendered":"\n<p>A buen ritmo avanzan las obras de la nueva Terminal de \u00d3mnibus.<\/p>\n\n\n\n<p>Esta semana y despu\u00e9s de las lluvias que obligaron a detener unos pocos d\u00edas las labores, comenz\u00f3 el armado de la estructura general del moderno edificio, con el levantamiento de las columnas met\u00e1licas y el ensamble de las cabriadas.<\/p>\n\n\n\n<p>Los trabajos cobraron intensidad tras el llenado de las bases de los dos mil metros cuadrados de superficie a construir.<\/p>\n\n\n\n<p>\u00abComenzaron las tareas de montaje de columnas y estructuras de toda la cubierta\u00bb, inform\u00f3 al respecto el secretario de Desarrollo Territorial, H\u00e1bitat y Obras P\u00fablicas Gast\u00f3n Renda.<\/p>\n\n\n\n<p>El funcionario adelant\u00f3 que la tarea demandar\u00e1 entre 45 y 60 d\u00edas, y se prev\u00e9 para los \u00faltimos d\u00edas del a\u00f1o poder observarla con su volumetr\u00eda general.<\/p>\n\n\n\n<p>La obra contempla la incorporaci\u00f3n de un nuevo complejo para boleter\u00edas, confiter\u00eda, locales comerciales y un amplio sector de espera. Tambi\u00e9n se prev\u00e9 la construcci\u00f3n de un espacio exclusivo para empresas dedicadas a encomiendas y paqueter\u00eda, con el objetivo de evitar la formaci\u00f3n de filas y la aglomeraci\u00f3n.<\/p>\n\n\n\n<p>Todo el proyecto incluye la accesibilidad para personas con discapacidad, espacios destinados a las necesidades de madres y\/o padres con beb\u00e9s y ni\u00f1os peque\u00f1os, un sector de espera amplio y con vista hacia las d\u00e1rsenas.<\/p>\n\n\n\n<p>Renda destac\u00f3 que \u00abla nueva terminal representa la puerta de entrada de nuestra ciudad capital siendo una de las obras m\u00e1s significativas e importantes de Viedma\u00bb.<\/p>\n\n\n\n<p>\u00abEl nuevo edificio nos permitir\u00e1 mostrarnos como una ciudad m\u00e1s <\/p>\n\n\n\n<figure class=\"wp-block-gallery has-nested-images columns-default is-cropped wp-block-gallery-1 is-layout-flex wp-block-gallery-is-layout-flex\">\n<figure class=\"wp-block-image size-large\"><img fetchpriority=\"high\" decoding=\"async\" width=\"720\" height=\"405\" data-id=\"24850\" src=\"https:\/\/www.elpolitologoyelpolitico.com.ar\/wp-content\/uploads\/2022\/09\/IMG-20220926-WA0038.jpg\" alt=\"\" class=\"wp-image-24850\" srcset=\"https:\/\/www.elpolitologoyelpolitico.com.ar\/wp-content\/uploads\/2022\/09\/IMG-20220926-WA0038.jpg 720w, https:\/\/www.elpolitologoyelpolitico.com.ar\/wp-content\/uploads\/2022\/09\/IMG-20220926-WA0038-300x169.jpg 300w\" sizes=\"(max-width: 720px) 100vw, 720px\" \/><\/figure>\n\n\n\n<figure class=\"wp-block-image size-large\"><img decoding=\"async\" width=\"720\" height=\"405\" data-id=\"24851\" src=\"https:\/\/www.elpolitologoyelpolitico.com.ar\/wp-content\/uploads\/2022\/09\/IMG-20220926-WA0039.jpg\" alt=\"\" class=\"wp-image-24851\" srcset=\"https:\/\/www.elpolitologoyelpolitico.com.ar\/wp-content\/uploads\/2022\/09\/IMG-20220926-WA0039.jpg 720w, https:\/\/www.elpolitologoyelpolitico.com.ar\/wp-content\/uploads\/2022\/09\/IMG-20220926-WA0039-300x169.jpg 300w\" sizes=\"(max-width: 720px) 100vw, 720px\" \/><\/figure>\n<\/figure>\n<div class=\"fb-background-color\">\n\t\t\t  <div \n\t\t\t  \tclass = \"fb-comments\" \n\t\t\t  \tdata-href = \"https:\/\/www.elpolitologoyelpolitico.com.ar\/wordpress\/2022\/09\/27\/avanza-la-obra-de-la-nueva-terminal-de-omnibus-con-el-armado-de-la-estructura-general\/\"\n\t\t\t  \tdata-numposts = \"10\"\n\t\t\t  \tdata-lazy = \"true\"\n\t\t\t\tdata-colorscheme = \"light\"\n\t\t\t\tdata-order-by = \"social\"\n\t\t\t\tdata-mobile=true>\n\t\t\t  <\/div><\/div>\n\t\t  <style>\n\t\t    .fb-background-color {\n\t\t\t\tbackground: #ffffff !important;\n\t\t\t}\n\t\t\t.fb_iframe_widget_fluid_desktop iframe {\n\t\t\t    width: 100% !important;\n\t\t\t}\n\t\t  <\/style>\n\t\t  ","protected":false},"excerpt":{"rendered":"<p>A buen ritmo avanzan las obras de la nueva Terminal de \u00d3mnibus. Esta semana y despu\u00e9s de las lluvias que obligaron a detener unos pocos d\u00edas las labores, comenz\u00f3 el armado de la estructura general del moderno edificio, con el levantamiento de las columnas met\u00e1licas y el ensamble de las cabriadas. Los trabajos cobraron intensidad [&hellip;]<\/p>\n","protected":false},"author":4,"featured_media":24849,"comment_status":"closed","ping_status":"closed","sticky":false,"template":"","format":"standard","meta":{"_joinchat":[],"footnotes":""},"categories":[39],"tags":[],"class_list":["post-24848","post","type-post","status-publish","format-standard","has-post-thumbnail","hentry","category-en-esta-seccion"],"_links":{"self":[{"href":"https:\/\/www.elpolitologoyelpolitico.com.ar\/wordpress\/wp-json\/wp\/v2\/posts\/24848","targetHints":{"allow":["GET"]}}],"collection":[{"href":"https:\/\/www.elpolitologoyelpolitico.com.ar\/wordpress\/wp-json\/wp\/v2\/posts"}],"about":[{"href":"https:\/\/www.elpolitologoyelpolitico.com.ar\/wordpress\/wp-json\/wp\/v2\/types\/post"}],"author":[{"embeddable":true,"href":"https:\/\/www.elpolitologoyelpolitico.com.ar\/wordpress\/wp-json\/wp\/v2\/users\/4"}],"replies":[{"embeddable":true,"href":"https:\/\/www.elpolitologoyelpolitico.com.ar\/wordpress\/wp-json\/wp\/v2\/comments?post=24848"}],"version-history":[{"count":0,"href":"https:\/\/www.elpolitologoyelpolitico.com.ar\/wordpress\/wp-json\/wp\/v2\/posts\/24848\/revisions"}],"wp:featuredmedia":[{"embeddable":true,"href":"https:\/\/www.elpolitologoyelpolitico.com.ar\/wordpress\/wp-json\/wp\/v2\/media\/24849"}],"wp:attachment":[{"href":"https:\/\/www.elpolitologoyelpolitico.com.ar\/wordpress\/wp-json\/wp\/v2\/media?parent=24848"}],"wp:term":[{"taxonomy":"category","embeddable":true,"href":"https:\/\/www.elpolitologoyelpolitico.com.ar\/wordpress\/wp-json\/wp\/v2\/categories?post=24848"},{"taxonomy":"post_tag","embeddable":true,"href":"https:\/\/www.elpolitologoyelpolitico.com.ar\/wordpress\/wp-json\/wp\/v2\/tags?post=24848"}],"curies":[{"name":"wp","href":"https:\/\/api.w.org\/{rel}","templated":true}]}}