{"id":24833,"date":"2022-09-26T23:27:06","date_gmt":"2022-09-26T23:27:06","guid":{"rendered":"https:\/\/www.elpolitologoyelpolitico.com.ar\/wordpress\/?p=24833"},"modified":"2022-09-26T23:27:48","modified_gmt":"2022-09-26T23:27:48","slug":"profesionales-de-la-salud-brindaron-una-charla-sobre-autismo-en-villalonga","status":"publish","type":"post","link":"https:\/\/www.elpolitologoyelpolitico.com.ar\/wordpress\/2022\/09\/26\/profesionales-de-la-salud-brindaron-una-charla-sobre-autismo-en-villalonga\/","title":{"rendered":"Profesionales de la salud brindaron una charla sobre Autismo, en Villalonga"},"content":{"rendered":"\n<p>Organizado por el Consejo Municipal de Discapacidad y el \u00e1rea de Desarrollo Social, se llev\u00f3 a cabo el fin de semana con gran convocatoria, en Villalonga, la charla sobre TEA -Trastorno del Espectro Autista- a cargo del Dr. Juan Mart\u00edn Peralta, especialista en Neuropediatr\u00eda, junto a la Lic. Mariana Molla (Psicolog\u00eda).&nbsp;<\/p>\n\n\n\n<p>Participaron docentes, terapeutas en general y personal de salud de todo el partido.<\/p>\n\n\n\n<p>El encuentro tuvo lugar en la Casa de la Cultura local y estuvieron presentes en representaci\u00f3n del Intendente Municipal, Jos\u00e9 Luis Zara, el Secretario de Desarrollo Social,\u00a0 Leandro Merlo Ezcurra, el Presidente del HCD, Julio Costantino, el Diputado Emiliano Balb\u00edn, la Delegada Municipal, Valeria Mendez, la Presidenta del Consejo Municipal de Discapacidad, Mar\u00eda Ciccone, y el secretario del mismo, Sebasti\u00e1n Costantino.<\/p>\n\n\n\n<figure class=\"wp-block-gallery has-nested-images columns-default is-cropped wp-block-gallery-1 is-layout-flex wp-block-gallery-is-layout-flex\">\n<figure class=\"wp-block-image size-large\"><img fetchpriority=\"high\" decoding=\"async\" width=\"720\" height=\"540\" data-id=\"24835\" src=\"https:\/\/www.elpolitologoyelpolitico.com.ar\/wp-content\/uploads\/2022\/09\/IMG-20220926-WA0031.jpg\" alt=\"\" class=\"wp-image-24835\" srcset=\"https:\/\/www.elpolitologoyelpolitico.com.ar\/wp-content\/uploads\/2022\/09\/IMG-20220926-WA0031.jpg 720w, https:\/\/www.elpolitologoyelpolitico.com.ar\/wp-content\/uploads\/2022\/09\/IMG-20220926-WA0031-300x225.jpg 300w\" sizes=\"(max-width: 720px) 100vw, 720px\" \/><\/figure>\n\n\n\n<figure class=\"wp-block-image size-large\"><img decoding=\"async\" width=\"720\" height=\"540\" data-id=\"24836\" src=\"https:\/\/www.elpolitologoyelpolitico.com.ar\/wp-content\/uploads\/2022\/09\/IMG-20220926-WA0030.jpg\" alt=\"\" class=\"wp-image-24836\" srcset=\"https:\/\/www.elpolitologoyelpolitico.com.ar\/wp-content\/uploads\/2022\/09\/IMG-20220926-WA0030.jpg 720w, https:\/\/www.elpolitologoyelpolitico.com.ar\/wp-content\/uploads\/2022\/09\/IMG-20220926-WA0030-300x225.jpg 300w\" sizes=\"(max-width: 720px) 100vw, 720px\" \/><\/figure>\n<\/figure>\n<div class=\"fb-background-color\">\n\t\t\t  <div \n\t\t\t  \tclass = \"fb-comments\" \n\t\t\t  \tdata-href = \"https:\/\/www.elpolitologoyelpolitico.com.ar\/wordpress\/2022\/09\/26\/profesionales-de-la-salud-brindaron-una-charla-sobre-autismo-en-villalonga\/\"\n\t\t\t  \tdata-numposts = \"10\"\n\t\t\t  \tdata-lazy = \"true\"\n\t\t\t\tdata-colorscheme = \"light\"\n\t\t\t\tdata-order-by = \"social\"\n\t\t\t\tdata-mobile=true>\n\t\t\t  <\/div><\/div>\n\t\t  <style>\n\t\t    .fb-background-color {\n\t\t\t\tbackground: #ffffff !important;\n\t\t\t}\n\t\t\t.fb_iframe_widget_fluid_desktop iframe {\n\t\t\t    width: 100% !important;\n\t\t\t}\n\t\t  <\/style>\n\t\t  ","protected":false},"excerpt":{"rendered":"<p>Organizado por el Consejo Municipal de Discapacidad y el \u00e1rea de Desarrollo Social, se llev\u00f3 a cabo el fin de semana con gran convocatoria, en Villalonga, la charla sobre TEA -Trastorno del Espectro Autista- a cargo del Dr. Juan Mart\u00edn Peralta, especialista en Neuropediatr\u00eda, junto a la Lic. Mariana Molla (Psicolog\u00eda).&nbsp; Participaron docentes, terapeutas en [&hellip;]<\/p>\n","protected":false},"author":4,"featured_media":24834,"comment_status":"closed","ping_status":"closed","sticky":false,"template":"","format":"standard","meta":{"_joinchat":[],"footnotes":""},"categories":[39],"tags":[],"class_list":["post-24833","post","type-post","status-publish","format-standard","has-post-thumbnail","hentry","category-en-esta-seccion"],"_links":{"self":[{"href":"https:\/\/www.elpolitologoyelpolitico.com.ar\/wordpress\/wp-json\/wp\/v2\/posts\/24833","targetHints":{"allow":["GET"]}}],"collection":[{"href":"https:\/\/www.elpolitologoyelpolitico.com.ar\/wordpress\/wp-json\/wp\/v2\/posts"}],"about":[{"href":"https:\/\/www.elpolitologoyelpolitico.com.ar\/wordpress\/wp-json\/wp\/v2\/types\/post"}],"author":[{"embeddable":true,"href":"https:\/\/www.elpolitologoyelpolitico.com.ar\/wordpress\/wp-json\/wp\/v2\/users\/4"}],"replies":[{"embeddable":true,"href":"https:\/\/www.elpolitologoyelpolitico.com.ar\/wordpress\/wp-json\/wp\/v2\/comments?post=24833"}],"version-history":[{"count":0,"href":"https:\/\/www.elpolitologoyelpolitico.com.ar\/wordpress\/wp-json\/wp\/v2\/posts\/24833\/revisions"}],"wp:featuredmedia":[{"embeddable":true,"href":"https:\/\/www.elpolitologoyelpolitico.com.ar\/wordpress\/wp-json\/wp\/v2\/media\/24834"}],"wp:attachment":[{"href":"https:\/\/www.elpolitologoyelpolitico.com.ar\/wordpress\/wp-json\/wp\/v2\/media?parent=24833"}],"wp:term":[{"taxonomy":"category","embeddable":true,"href":"https:\/\/www.elpolitologoyelpolitico.com.ar\/wordpress\/wp-json\/wp\/v2\/categories?post=24833"},{"taxonomy":"post_tag","embeddable":true,"href":"https:\/\/www.elpolitologoyelpolitico.com.ar\/wordpress\/wp-json\/wp\/v2\/tags?post=24833"}],"curies":[{"name":"wp","href":"https:\/\/api.w.org\/{rel}","templated":true}]}}