{"id":24829,"date":"2022-09-26T16:57:13","date_gmt":"2022-09-26T16:57:13","guid":{"rendered":"https:\/\/www.elpolitologoyelpolitico.com.ar\/wordpress\/?p=24829"},"modified":"2022-09-26T16:58:13","modified_gmt":"2022-09-26T16:58:13","slug":"capacitacion-para-la-atencion-a-personas-con-discapacidad","status":"publish","type":"post","link":"https:\/\/www.elpolitologoyelpolitico.com.ar\/wordpress\/2022\/09\/26\/capacitacion-para-la-atencion-a-personas-con-discapacidad\/","title":{"rendered":"Capacitaci\u00f3n para la atenci\u00f3n a personas con discapacidad"},"content":{"rendered":"\n<p>Los legisladores Ignacio Casamiquela y Jos\u00e9 Luis Berros presentaron en la Legislatura de R\u00edo Negro un proyecto de ley de capacitaci\u00f3n en materia de discapacidad para todas las personas que se desempe\u00f1en en todos los niveles y jerarqu\u00edas de la Administraci\u00f3n P\u00fablica Provincial, Centralizada o Descentralizada y Organismos Aut\u00e1rquicos, Empresas y Sociedades del Estado y Sociedades An\u00f3nimas con participaci\u00f3n estatal mayoritaria, en el Poder Legislativo, en el Poder Judicial y en el Ministerio P\u00fablico de la provincia.&nbsp;&nbsp;<\/p>\n\n\n\n<p>\u201cTenemos el deber de trabajar en los cambios que sean necesarios para construir una sociedad m\u00e1s inclusiva. Aprobamos recientemente en la legislatura una ley orientada a la inclusi\u00f3n de las personas con Trastorno del Espectro Autista, al igual que esa ley debemos continuar desde el estado garantizando las pol\u00edticas p\u00fablicas que sean necesarias para todos y todas\u201d, expres\u00f3 Ignacio Casamiquela.<\/p>\n\n\n\n<p>El proyecto de ley presentado por los legisladores roquenses busca a su vez ofrecer orientaci\u00f3n legal y administrativa actualizada a las personas con discapacidad que as\u00ed lo necesiten para promover el conocimiento de sus derechos tanto en la legislaci\u00f3n provincial como nacional.&nbsp;<\/p>\n\n\n\n<p>\u201cHoy contamos con un gobierno nacional que ya comenz\u00f3 a trabajar de manera integral en la reforma de la Ley 22.431 sancionada en 1981 que establec\u00eda un abordaje hacia las personas con discapacidad solo como un sujeto de cuidado y priv\u00e1ndolas de una infinidad de derechos como sujetos activos de nuestra sociedad\u201d, finaliz\u00f3 el legislador Jos\u00e9 Luis Berros.<\/p>\n<div class=\"fb-background-color\">\n\t\t\t  <div \n\t\t\t  \tclass = \"fb-comments\" \n\t\t\t  \tdata-href = \"https:\/\/www.elpolitologoyelpolitico.com.ar\/wordpress\/2022\/09\/26\/capacitacion-para-la-atencion-a-personas-con-discapacidad\/\"\n\t\t\t  \tdata-numposts = \"10\"\n\t\t\t  \tdata-lazy = \"true\"\n\t\t\t\tdata-colorscheme = \"light\"\n\t\t\t\tdata-order-by = \"social\"\n\t\t\t\tdata-mobile=true>\n\t\t\t  <\/div><\/div>\n\t\t  <style>\n\t\t    .fb-background-color {\n\t\t\t\tbackground: #ffffff !important;\n\t\t\t}\n\t\t\t.fb_iframe_widget_fluid_desktop iframe {\n\t\t\t    width: 100% !important;\n\t\t\t}\n\t\t  <\/style>\n\t\t  ","protected":false},"excerpt":{"rendered":"<p>Los legisladores Ignacio Casamiquela y Jos\u00e9 Luis Berros presentaron en la Legislatura de R\u00edo Negro un proyecto de ley de capacitaci\u00f3n en materia de discapacidad para todas las personas que se desempe\u00f1en en todos los niveles y jerarqu\u00edas de la Administraci\u00f3n P\u00fablica Provincial, Centralizada o Descentralizada y Organismos Aut\u00e1rquicos, Empresas y Sociedades del Estado y [&hellip;]<\/p>\n","protected":false},"author":4,"featured_media":24830,"comment_status":"closed","ping_status":"closed","sticky":false,"template":"","format":"standard","meta":{"_joinchat":[],"footnotes":""},"categories":[4],"tags":[],"class_list":["post-24829","post","type-post","status-publish","format-standard","has-post-thumbnail","hentry","category-politicas-publicas"],"_links":{"self":[{"href":"https:\/\/www.elpolitologoyelpolitico.com.ar\/wordpress\/wp-json\/wp\/v2\/posts\/24829","targetHints":{"allow":["GET"]}}],"collection":[{"href":"https:\/\/www.elpolitologoyelpolitico.com.ar\/wordpress\/wp-json\/wp\/v2\/posts"}],"about":[{"href":"https:\/\/www.elpolitologoyelpolitico.com.ar\/wordpress\/wp-json\/wp\/v2\/types\/post"}],"author":[{"embeddable":true,"href":"https:\/\/www.elpolitologoyelpolitico.com.ar\/wordpress\/wp-json\/wp\/v2\/users\/4"}],"replies":[{"embeddable":true,"href":"https:\/\/www.elpolitologoyelpolitico.com.ar\/wordpress\/wp-json\/wp\/v2\/comments?post=24829"}],"version-history":[{"count":0,"href":"https:\/\/www.elpolitologoyelpolitico.com.ar\/wordpress\/wp-json\/wp\/v2\/posts\/24829\/revisions"}],"wp:featuredmedia":[{"embeddable":true,"href":"https:\/\/www.elpolitologoyelpolitico.com.ar\/wordpress\/wp-json\/wp\/v2\/media\/24830"}],"wp:attachment":[{"href":"https:\/\/www.elpolitologoyelpolitico.com.ar\/wordpress\/wp-json\/wp\/v2\/media?parent=24829"}],"wp:term":[{"taxonomy":"category","embeddable":true,"href":"https:\/\/www.elpolitologoyelpolitico.com.ar\/wordpress\/wp-json\/wp\/v2\/categories?post=24829"},{"taxonomy":"post_tag","embeddable":true,"href":"https:\/\/www.elpolitologoyelpolitico.com.ar\/wordpress\/wp-json\/wp\/v2\/tags?post=24829"}],"curies":[{"name":"wp","href":"https:\/\/api.w.org\/{rel}","templated":true}]}}