{"id":24820,"date":"2022-09-26T16:43:42","date_gmt":"2022-09-26T16:43:42","guid":{"rendered":"https:\/\/www.elpolitologoyelpolitico.com.ar\/wordpress\/?p=24820"},"modified":"2022-09-26T16:44:33","modified_gmt":"2022-09-26T16:44:33","slug":"campo-grande-vibro-con-la-red-rionegrina-de-la-tercera-juventud","status":"publish","type":"post","link":"https:\/\/www.elpolitologoyelpolitico.com.ar\/wordpress\/2022\/09\/26\/campo-grande-vibro-con-la-red-rionegrina-de-la-tercera-juventud\/","title":{"rendered":"CAMPO GRANDE VIBR\u00d3 CON LA RED RIONEGRINA DE LA TERCERA JUVENTUD"},"content":{"rendered":"\n<p>Formidable Abuelazo de la RED en Campo Grande con la participaci\u00f3n de mas de 700 personas mayores rionegrinas.<\/p>\n\n\n\n<p>Con un gran trabajo de articulaci\u00f3n entre la Municipalidad de Campo Grande y la RED Rionegrina de la Tercera Juventud, la localidad vivi\u00f3 un domingo diferente a pura musica y recreaci\u00f3n.<\/p>\n\n\n\n<p>Espect\u00e1culos musicales y de danzas hicieron vibrar al Polideportivo de Villa Manzano con la presencia de adultos mayores de diferentes localidades valletanas, que bailaron y se divirtieron todo el domingo hasta las 6 de la tarde.<\/p>\n\n\n\n<p>\u00abHoy nos toca traer a la RED a Campo Grande y lograr que esta vez nuestra fiesta est\u00e9 m\u00e1s cerca de una regi\u00f3n de la provincia que muchas veces viaja muchos kil\u00f3metros para disfrutar de un abuelazo nuestro. Gracias al Intendente Ariel Rivero y todo su equipo municipal por tanto trabajo y predisposici\u00f3n. La RED no para y todav\u00eda nos quedan muchas actividades para lo que resta del a\u00f1o, a seguir con todo\u00bb dijo Rodolfo Alberto Artola , Coordinador General de la RED.<\/p>\n\n\n\n<figure class=\"wp-block-gallery has-nested-images columns-default is-cropped wp-block-gallery-1 is-layout-flex wp-block-gallery-is-layout-flex\">\n<figure class=\"wp-block-image size-large\"><img fetchpriority=\"high\" decoding=\"async\" width=\"720\" height=\"540\" data-id=\"24824\" src=\"https:\/\/www.elpolitologoyelpolitico.com.ar\/wp-content\/uploads\/2022\/09\/IMG-20220926-WA0009.jpg\" alt=\"\" class=\"wp-image-24824\" srcset=\"https:\/\/www.elpolitologoyelpolitico.com.ar\/wp-content\/uploads\/2022\/09\/IMG-20220926-WA0009.jpg 720w, https:\/\/www.elpolitologoyelpolitico.com.ar\/wp-content\/uploads\/2022\/09\/IMG-20220926-WA0009-300x225.jpg 300w\" sizes=\"(max-width: 720px) 100vw, 720px\" \/><\/figure>\n\n\n\n<figure class=\"wp-block-image size-large\"><img decoding=\"async\" width=\"720\" height=\"540\" data-id=\"24825\" src=\"https:\/\/www.elpolitologoyelpolitico.com.ar\/wp-content\/uploads\/2022\/09\/IMG-20220926-WA0010.jpg\" alt=\"\" class=\"wp-image-24825\" srcset=\"https:\/\/www.elpolitologoyelpolitico.com.ar\/wp-content\/uploads\/2022\/09\/IMG-20220926-WA0010.jpg 720w, https:\/\/www.elpolitologoyelpolitico.com.ar\/wp-content\/uploads\/2022\/09\/IMG-20220926-WA0010-300x225.jpg 300w\" sizes=\"(max-width: 720px) 100vw, 720px\" \/><\/figure>\n\n\n\n<figure class=\"wp-block-image size-large\"><img decoding=\"async\" width=\"720\" height=\"540\" data-id=\"24826\" src=\"https:\/\/www.elpolitologoyelpolitico.com.ar\/wp-content\/uploads\/2022\/09\/IMG-20220926-WA0008.jpg\" alt=\"\" class=\"wp-image-24826\" srcset=\"https:\/\/www.elpolitologoyelpolitico.com.ar\/wp-content\/uploads\/2022\/09\/IMG-20220926-WA0008.jpg 720w, https:\/\/www.elpolitologoyelpolitico.com.ar\/wp-content\/uploads\/2022\/09\/IMG-20220926-WA0008-300x225.jpg 300w\" sizes=\"(max-width: 720px) 100vw, 720px\" \/><\/figure>\n<\/figure>\n<div class=\"fb-background-color\">\n\t\t\t  <div \n\t\t\t  \tclass = \"fb-comments\" \n\t\t\t  \tdata-href = \"https:\/\/www.elpolitologoyelpolitico.com.ar\/wordpress\/2022\/09\/26\/campo-grande-vibro-con-la-red-rionegrina-de-la-tercera-juventud\/\"\n\t\t\t  \tdata-numposts = \"10\"\n\t\t\t  \tdata-lazy = \"true\"\n\t\t\t\tdata-colorscheme = \"light\"\n\t\t\t\tdata-order-by = \"social\"\n\t\t\t\tdata-mobile=true>\n\t\t\t  <\/div><\/div>\n\t\t  <style>\n\t\t    .fb-background-color {\n\t\t\t\tbackground: #ffffff !important;\n\t\t\t}\n\t\t\t.fb_iframe_widget_fluid_desktop iframe {\n\t\t\t    width: 100% !important;\n\t\t\t}\n\t\t  <\/style>\n\t\t  ","protected":false},"excerpt":{"rendered":"<p>Formidable Abuelazo de la RED en Campo Grande con la participaci\u00f3n de mas de 700 personas mayores rionegrinas. Con un gran trabajo de articulaci\u00f3n entre la Municipalidad de Campo Grande y la RED Rionegrina de la Tercera Juventud, la localidad vivi\u00f3 un domingo diferente a pura musica y recreaci\u00f3n. Espect\u00e1culos musicales y de danzas hicieron [&hellip;]<\/p>\n","protected":false},"author":4,"featured_media":24823,"comment_status":"closed","ping_status":"closed","sticky":false,"template":"","format":"standard","meta":{"_joinchat":[],"footnotes":""},"categories":[39],"tags":[],"class_list":["post-24820","post","type-post","status-publish","format-standard","has-post-thumbnail","hentry","category-en-esta-seccion"],"_links":{"self":[{"href":"https:\/\/www.elpolitologoyelpolitico.com.ar\/wordpress\/wp-json\/wp\/v2\/posts\/24820","targetHints":{"allow":["GET"]}}],"collection":[{"href":"https:\/\/www.elpolitologoyelpolitico.com.ar\/wordpress\/wp-json\/wp\/v2\/posts"}],"about":[{"href":"https:\/\/www.elpolitologoyelpolitico.com.ar\/wordpress\/wp-json\/wp\/v2\/types\/post"}],"author":[{"embeddable":true,"href":"https:\/\/www.elpolitologoyelpolitico.com.ar\/wordpress\/wp-json\/wp\/v2\/users\/4"}],"replies":[{"embeddable":true,"href":"https:\/\/www.elpolitologoyelpolitico.com.ar\/wordpress\/wp-json\/wp\/v2\/comments?post=24820"}],"version-history":[{"count":0,"href":"https:\/\/www.elpolitologoyelpolitico.com.ar\/wordpress\/wp-json\/wp\/v2\/posts\/24820\/revisions"}],"wp:featuredmedia":[{"embeddable":true,"href":"https:\/\/www.elpolitologoyelpolitico.com.ar\/wordpress\/wp-json\/wp\/v2\/media\/24823"}],"wp:attachment":[{"href":"https:\/\/www.elpolitologoyelpolitico.com.ar\/wordpress\/wp-json\/wp\/v2\/media?parent=24820"}],"wp:term":[{"taxonomy":"category","embeddable":true,"href":"https:\/\/www.elpolitologoyelpolitico.com.ar\/wordpress\/wp-json\/wp\/v2\/categories?post=24820"},{"taxonomy":"post_tag","embeddable":true,"href":"https:\/\/www.elpolitologoyelpolitico.com.ar\/wordpress\/wp-json\/wp\/v2\/tags?post=24820"}],"curies":[{"name":"wp","href":"https:\/\/api.w.org\/{rel}","templated":true}]}}