{"id":24801,"date":"2022-09-25T02:27:52","date_gmt":"2022-09-25T02:27:52","guid":{"rendered":"https:\/\/www.elpolitologoyelpolitico.com.ar\/wordpress\/?p=24801"},"modified":"2022-09-25T02:28:45","modified_gmt":"2022-09-25T02:28:45","slug":"mas-de-100-ninas-y-ninos-disfrutaron-del-encuentro-de-escuelitas-municipales-de-mini-basquet","status":"publish","type":"post","link":"https:\/\/www.elpolitologoyelpolitico.com.ar\/wordpress\/2022\/09\/25\/mas-de-100-ninas-y-ninos-disfrutaron-del-encuentro-de-escuelitas-municipales-de-mini-basquet\/","title":{"rendered":"M\u00e1s de 100 ni\u00f1as y ni\u00f1os disfrutaron del encuentro de escuelitas municipales de mini b\u00e1squet"},"content":{"rendered":"\n<p>Esta tarde en el gimnasio municipal Fioravanti Ruggeri se llev\u00f3 adelante el encuentro de escuelitas municipales de mini b\u00e1squet donde participaron m\u00e1s de 100 ni\u00f1as y ni\u00f1os de diferentes barrios de Viedma&nbsp;<\/p>\n\n\n\n<p>Los partidos fueron mixtos, con un rango etario de entre 6 y 13 a\u00f1os, donde jugaron la escuela municipal del barrio Castello, San Martin, Ceferino, Santa Clara, escuelita del gimnasio Cayetano Arias, del gimnasio Fioravanti Ruggeri y tambi\u00e9n el Club Villa Congreso.<\/p>\n\n\n\n<p>El subsecretario de Deportes Marcelo Barra resalt\u00f3 que \u201cestos encuentros no solo integran a ni\u00f1as y ni\u00f1os de diferentes barrios sino que tambi\u00e9n fortalecen la identidad deportiva y forma deportistas a futuro\u201d.<\/p>\n\n\n\n<p>\u201cCumpliendo con uno de los objetivos propuestos al \u00e1rea, por parte del intendente Pedro Pesatti, donde el deporte no tiene barreras, se van consolidando las escuelas municipales, con estos encuentros que re\u00fanen ni\u00f1os y ni\u00f1as de diferentes puntos de la ciudad accediendo a la pr\u00e1ctica deportiva segura y planificada\u201d agreg\u00f3 Barra.<\/p>\n\n\n\n<p>El encuentro municipal de b\u00e1squet fue llevado adelante a trav\u00e9s de la Subsecretar\u00eda de Deportes, dependiente de la Secretar\u00eda de Turismo, Cultura y Deportes del gobierno de Viedma.<\/p>\n\n\n\n<figure class=\"wp-block-gallery has-nested-images columns-default is-cropped wp-block-gallery-1 is-layout-flex wp-block-gallery-is-layout-flex\">\n<figure class=\"wp-block-image size-large\"><img fetchpriority=\"high\" decoding=\"async\" width=\"720\" height=\"480\" data-id=\"24804\" src=\"https:\/\/www.elpolitologoyelpolitico.com.ar\/wp-content\/uploads\/2022\/09\/IMG-20220924-WA0025.jpg\" alt=\"\" class=\"wp-image-24804\" srcset=\"https:\/\/www.elpolitologoyelpolitico.com.ar\/wp-content\/uploads\/2022\/09\/IMG-20220924-WA0025.jpg 720w, https:\/\/www.elpolitologoyelpolitico.com.ar\/wp-content\/uploads\/2022\/09\/IMG-20220924-WA0025-300x200.jpg 300w\" sizes=\"(max-width: 720px) 100vw, 720px\" \/><\/figure>\n\n\n\n<figure class=\"wp-block-image size-large\"><img decoding=\"async\" width=\"720\" height=\"480\" data-id=\"24803\" src=\"https:\/\/www.elpolitologoyelpolitico.com.ar\/wp-content\/uploads\/2022\/09\/IMG-20220924-WA0022.jpg\" alt=\"\" class=\"wp-image-24803\" srcset=\"https:\/\/www.elpolitologoyelpolitico.com.ar\/wp-content\/uploads\/2022\/09\/IMG-20220924-WA0022.jpg 720w, https:\/\/www.elpolitologoyelpolitico.com.ar\/wp-content\/uploads\/2022\/09\/IMG-20220924-WA0022-300x200.jpg 300w\" sizes=\"(max-width: 720px) 100vw, 720px\" \/><\/figure>\n\n\n\n<figure class=\"wp-block-image size-large\"><img decoding=\"async\" width=\"720\" height=\"480\" data-id=\"24805\" src=\"https:\/\/www.elpolitologoyelpolitico.com.ar\/wp-content\/uploads\/2022\/09\/IMG-20220924-WA0023.jpg\" alt=\"\" class=\"wp-image-24805\" srcset=\"https:\/\/www.elpolitologoyelpolitico.com.ar\/wp-content\/uploads\/2022\/09\/IMG-20220924-WA0023.jpg 720w, https:\/\/www.elpolitologoyelpolitico.com.ar\/wp-content\/uploads\/2022\/09\/IMG-20220924-WA0023-300x200.jpg 300w\" sizes=\"(max-width: 720px) 100vw, 720px\" \/><\/figure>\n<\/figure>\n<div class=\"fb-background-color\">\n\t\t\t  <div \n\t\t\t  \tclass = \"fb-comments\" \n\t\t\t  \tdata-href = \"https:\/\/www.elpolitologoyelpolitico.com.ar\/wordpress\/2022\/09\/25\/mas-de-100-ninas-y-ninos-disfrutaron-del-encuentro-de-escuelitas-municipales-de-mini-basquet\/\"\n\t\t\t  \tdata-numposts = \"10\"\n\t\t\t  \tdata-lazy = \"true\"\n\t\t\t\tdata-colorscheme = \"light\"\n\t\t\t\tdata-order-by = \"social\"\n\t\t\t\tdata-mobile=true>\n\t\t\t  <\/div><\/div>\n\t\t  <style>\n\t\t    .fb-background-color {\n\t\t\t\tbackground: #ffffff !important;\n\t\t\t}\n\t\t\t.fb_iframe_widget_fluid_desktop iframe {\n\t\t\t    width: 100% !important;\n\t\t\t}\n\t\t  <\/style>\n\t\t  ","protected":false},"excerpt":{"rendered":"<p>Esta tarde en el gimnasio municipal Fioravanti Ruggeri se llev\u00f3 adelante el encuentro de escuelitas municipales de mini b\u00e1squet donde participaron m\u00e1s de 100 ni\u00f1as y ni\u00f1os de diferentes barrios de Viedma&nbsp; Los partidos fueron mixtos, con un rango etario de entre 6 y 13 a\u00f1os, donde jugaron la escuela municipal del barrio Castello, San [&hellip;]<\/p>\n","protected":false},"author":4,"featured_media":24802,"comment_status":"closed","ping_status":"closed","sticky":false,"template":"","format":"standard","meta":{"_joinchat":[],"footnotes":""},"categories":[39],"tags":[],"class_list":["post-24801","post","type-post","status-publish","format-standard","has-post-thumbnail","hentry","category-en-esta-seccion"],"_links":{"self":[{"href":"https:\/\/www.elpolitologoyelpolitico.com.ar\/wordpress\/wp-json\/wp\/v2\/posts\/24801","targetHints":{"allow":["GET"]}}],"collection":[{"href":"https:\/\/www.elpolitologoyelpolitico.com.ar\/wordpress\/wp-json\/wp\/v2\/posts"}],"about":[{"href":"https:\/\/www.elpolitologoyelpolitico.com.ar\/wordpress\/wp-json\/wp\/v2\/types\/post"}],"author":[{"embeddable":true,"href":"https:\/\/www.elpolitologoyelpolitico.com.ar\/wordpress\/wp-json\/wp\/v2\/users\/4"}],"replies":[{"embeddable":true,"href":"https:\/\/www.elpolitologoyelpolitico.com.ar\/wordpress\/wp-json\/wp\/v2\/comments?post=24801"}],"version-history":[{"count":0,"href":"https:\/\/www.elpolitologoyelpolitico.com.ar\/wordpress\/wp-json\/wp\/v2\/posts\/24801\/revisions"}],"wp:featuredmedia":[{"embeddable":true,"href":"https:\/\/www.elpolitologoyelpolitico.com.ar\/wordpress\/wp-json\/wp\/v2\/media\/24802"}],"wp:attachment":[{"href":"https:\/\/www.elpolitologoyelpolitico.com.ar\/wordpress\/wp-json\/wp\/v2\/media?parent=24801"}],"wp:term":[{"taxonomy":"category","embeddable":true,"href":"https:\/\/www.elpolitologoyelpolitico.com.ar\/wordpress\/wp-json\/wp\/v2\/categories?post=24801"},{"taxonomy":"post_tag","embeddable":true,"href":"https:\/\/www.elpolitologoyelpolitico.com.ar\/wordpress\/wp-json\/wp\/v2\/tags?post=24801"}],"curies":[{"name":"wp","href":"https:\/\/api.w.org\/{rel}","templated":true}]}}