{"id":24797,"date":"2022-09-25T02:09:05","date_gmt":"2022-09-25T02:09:05","guid":{"rendered":"https:\/\/www.elpolitologoyelpolitico.com.ar\/wordpress\/?p=24797"},"modified":"2022-09-25T02:10:47","modified_gmt":"2022-09-25T02:10:47","slug":"dia-del-agente-sanitario-un-rol-clave-en-la-atencion-primaria-de-la-salud","status":"publish","type":"post","link":"https:\/\/www.elpolitologoyelpolitico.com.ar\/wordpress\/2022\/09\/25\/dia-del-agente-sanitario-un-rol-clave-en-la-atencion-primaria-de-la-salud\/","title":{"rendered":"D\u00eda del Agente Sanitario: un rol clave en la atenci\u00f3n primaria de la salud"},"content":{"rendered":"\n<p>Hoy 24 de septiembre R\u00edo Negro conmemora el D\u00eda del Agente Sanitario, destacando as\u00ed el rol de estos profesionales que desempe\u00f1an una tarea esencial en la estrategia provincial de la Atenci\u00f3n Primaria de la Salud.<\/p>\n\n\n\n<p>La tarea del agente sanitario constituye el primer contacto entre el poblador y el sistema de salud, estos llegan al seno de la familia con informaci\u00f3n y acciones preventivas concretas, tales como los controles de embarazo, control a ni\u00f1o sano, control y seguimiento del esquema de vacunaci\u00f3n, entre otras acciones.<\/p>\n\n\n\n<p>La celebraci\u00f3n de este d\u00eda es una forma de reivindicar la actividad que efect\u00faan de manera continua y comprometida con la comunidad mediante el trabajo en terreno, siendo as\u00ed, el contacto directo entre la gente y el sistema de salud.<\/p>\n\n\n\n<p>Estos profesionales son la expresi\u00f3n m\u00e1s clara de la pol\u00edtica sanitaria en t\u00e9rminos de accesibilidad y equidad para garantizar la salud integral de la poblaci\u00f3n en el territorio, desde diferentes miradas y saberes, ajust\u00e1ndose a las demandas de la actualidad.<\/p>\n\n\n\n<p>Por tal motivo, el Ministerio de Salud, destaca el trabajo que d\u00eda a d\u00eda realizan los agentes sanitarios quienes con amor y compromiso acercan y promueven nuestro sistema de salud a cada vecino y vecina de la provincia.<\/p>\n<div class=\"fb-background-color\">\n\t\t\t  <div \n\t\t\t  \tclass = \"fb-comments\" \n\t\t\t  \tdata-href = \"https:\/\/www.elpolitologoyelpolitico.com.ar\/wordpress\/2022\/09\/25\/dia-del-agente-sanitario-un-rol-clave-en-la-atencion-primaria-de-la-salud\/\"\n\t\t\t  \tdata-numposts = \"10\"\n\t\t\t  \tdata-lazy = \"true\"\n\t\t\t\tdata-colorscheme = \"light\"\n\t\t\t\tdata-order-by = \"social\"\n\t\t\t\tdata-mobile=true>\n\t\t\t  <\/div><\/div>\n\t\t  <style>\n\t\t    .fb-background-color {\n\t\t\t\tbackground: #ffffff !important;\n\t\t\t}\n\t\t\t.fb_iframe_widget_fluid_desktop iframe {\n\t\t\t    width: 100% !important;\n\t\t\t}\n\t\t  <\/style>\n\t\t  ","protected":false},"excerpt":{"rendered":"<p>Hoy 24 de septiembre R\u00edo Negro conmemora el D\u00eda del Agente Sanitario, destacando as\u00ed el rol de estos profesionales que desempe\u00f1an una tarea esencial en la estrategia provincial de la Atenci\u00f3n Primaria de la Salud. La tarea del agente sanitario constituye el primer contacto entre el poblador y el sistema de salud, estos llegan al [&hellip;]<\/p>\n","protected":false},"author":4,"featured_media":24798,"comment_status":"closed","ping_status":"closed","sticky":false,"template":"","format":"standard","meta":{"_joinchat":[],"footnotes":""},"categories":[39],"tags":[],"class_list":["post-24797","post","type-post","status-publish","format-standard","has-post-thumbnail","hentry","category-en-esta-seccion"],"_links":{"self":[{"href":"https:\/\/www.elpolitologoyelpolitico.com.ar\/wordpress\/wp-json\/wp\/v2\/posts\/24797","targetHints":{"allow":["GET"]}}],"collection":[{"href":"https:\/\/www.elpolitologoyelpolitico.com.ar\/wordpress\/wp-json\/wp\/v2\/posts"}],"about":[{"href":"https:\/\/www.elpolitologoyelpolitico.com.ar\/wordpress\/wp-json\/wp\/v2\/types\/post"}],"author":[{"embeddable":true,"href":"https:\/\/www.elpolitologoyelpolitico.com.ar\/wordpress\/wp-json\/wp\/v2\/users\/4"}],"replies":[{"embeddable":true,"href":"https:\/\/www.elpolitologoyelpolitico.com.ar\/wordpress\/wp-json\/wp\/v2\/comments?post=24797"}],"version-history":[{"count":0,"href":"https:\/\/www.elpolitologoyelpolitico.com.ar\/wordpress\/wp-json\/wp\/v2\/posts\/24797\/revisions"}],"wp:featuredmedia":[{"embeddable":true,"href":"https:\/\/www.elpolitologoyelpolitico.com.ar\/wordpress\/wp-json\/wp\/v2\/media\/24798"}],"wp:attachment":[{"href":"https:\/\/www.elpolitologoyelpolitico.com.ar\/wordpress\/wp-json\/wp\/v2\/media?parent=24797"}],"wp:term":[{"taxonomy":"category","embeddable":true,"href":"https:\/\/www.elpolitologoyelpolitico.com.ar\/wordpress\/wp-json\/wp\/v2\/categories?post=24797"},{"taxonomy":"post_tag","embeddable":true,"href":"https:\/\/www.elpolitologoyelpolitico.com.ar\/wordpress\/wp-json\/wp\/v2\/tags?post=24797"}],"curies":[{"name":"wp","href":"https:\/\/api.w.org\/{rel}","templated":true}]}}