{"id":2478,"date":"2021-05-03T18:19:20","date_gmt":"2021-05-03T18:19:20","guid":{"rendered":"https:\/\/www.elpolitologoyelpolitico.com.ar\/wordpress\/?p=2478"},"modified":"2021-05-03T18:20:02","modified_gmt":"2021-05-03T18:20:02","slug":"secuestraron-dos-vehiculos-y-una-moto-en-patagones","status":"publish","type":"post","link":"https:\/\/www.elpolitologoyelpolitico.com.ar\/wordpress\/2021\/05\/03\/secuestraron-dos-vehiculos-y-una-moto-en-patagones\/","title":{"rendered":"Secuestraron dos veh\u00edculos y una moto en Patagones"},"content":{"rendered":"\t\t<div data-elementor-type=\"wp-post\" data-elementor-id=\"2478\" class=\"elementor elementor-2478\">\n\t\t\t\t\t\t<section class=\"elementor-section elementor-top-section elementor-element elementor-element-4d5b5053 elementor-section-boxed elementor-section-height-default elementor-section-height-default\" data-id=\"4d5b5053\" data-element_type=\"section\" data-e-type=\"section\">\n\t\t\t\t\t\t<div class=\"elementor-container elementor-column-gap-default\">\n\t\t\t\t\t<div class=\"elementor-column elementor-col-100 elementor-top-column elementor-element elementor-element-3ddc43ae\" data-id=\"3ddc43ae\" data-element_type=\"column\" data-e-type=\"column\">\n\t\t\t<div class=\"elementor-widget-wrap elementor-element-populated\">\n\t\t\t\t\t\t<div class=\"elementor-element elementor-element-5b9519cf elementor-widget elementor-widget-text-editor\" data-id=\"5b9519cf\" data-element_type=\"widget\" data-e-type=\"widget\" data-widget_type=\"text-editor.default\">\n\t\t\t\t<div class=\"elementor-widget-container\">\n\t\t\t\t\t\t\t\t\t\n<p>En conjunto con personal de Tr\u00e1nsito, dependiente de la Subsecretar\u00eda de Seguridad Ciudadana, la Polic\u00eda Comunal de Carmen de Patagones realiz\u00f3 este fin de semana exhaustivos controles nocturnos.<\/p>\n\n\n\n<p>En ese marco, se labraron distintas actas por Infracci\u00f3n a la Ley de Tr\u00e1nsito N\u00ba 24.449, que derivaron en el secuestro de dos veh\u00edculos y una motocicleta; por transitar con alcoholemia positiva, con resultados peligrosos para la conducci\u00f3n, que arrojaron desde los 0,42 g\/l, 1,47 g\/l y 1,54 g\/l de alcohol en sangre.<\/p>\n\n\n\n<p>En el marco del actual contexto epidemiol\u00f3gico por la pandemia del COVID y en concordancia con el Decreto de Necesidad de Urgencia dispuesto por el gobierno Nacional y Provincial, se insta a la ciudadan\u00eda a adoptar todas las medidas de bioseguridad necesarias para prevenir el contagio y permanecer en los domicilios y solo salir en casos necesarios, teniendo en cuenta la debida distancia.<\/p>\n\n\n\n<p>Asimismo, desde la Subsecretar\u00eda de Seguridad Ciudadana, se recuerda que, en el marco del Decreto Provincial vigente, en horario nocturno solo podr\u00e1n circular quienes se encuentren comprendidos dentro de las actividades esenciales, hecho que se controla mediante distintos operativos de interceptaci\u00f3n vehicular en toda la ciudad cabecera del Partido de Patagones.<\/p>\n\n\n\n<p>Quien incumpla con las medidas se ver\u00e1 infringiendo lo dispuesto por al Art. 205 del C.P y ser\u00e1 puesto a disposici\u00f3n del Juzgado Federal en turno.<\/p>\n\n\n\n<p>Del mismo modo, se insta a mantener las distancias, usar barbijo, alcohol en gel, postergar eventos sociales o familiares y, quienes circulan en rodados, recordar hacerlo con toda la documentaci\u00f3n\u00a0<\/p>\n\n\n\n<figure class=\"wp-block-gallery columns-2 is-cropped wp-block-gallery-2 is-layout-flex wp-block-gallery-is-layout-flex\"><ul class=\"blocks-gallery-grid\"><li class=\"blocks-gallery-item\"><figure><img fetchpriority=\"high\" decoding=\"async\" width=\"720\" height=\"960\" src=\"http:\/\/www.elpolitologoyelpolitico.com.ar:8081\/wordpress\/wp-content\/uploads\/2021\/05\/WhatsApp-Image-2021-05-03-at-2.45.49-PM-2.jpeg\" alt=\"\" data-id=\"2480\" data-full-url=\"http:\/\/www.elpolitologoyelpolitico.com.ar:8081\/wordpress\/wp-content\/uploads\/2021\/05\/WhatsApp-Image-2021-05-03-at-2.45.49-PM-2.jpeg\" data-link=\"http:\/\/www.elpolitologoyelpolitico.com.ar:8081\/wordpress\/?attachment_id=2480\" class=\"wp-image-2480\" srcset=\"https:\/\/www.elpolitologoyelpolitico.com.ar\/wp-content\/uploads\/2021\/05\/WhatsApp-Image-2021-05-03-at-2.45.49-PM-2.jpeg 720w, https:\/\/www.elpolitologoyelpolitico.com.ar\/wp-content\/uploads\/2021\/05\/WhatsApp-Image-2021-05-03-at-2.45.49-PM-2-225x300.jpeg 225w\" sizes=\"(max-width: 720px) 100vw, 720px\" \/><\/figure><\/li><li class=\"blocks-gallery-item\"><figure><img decoding=\"async\" width=\"720\" height=\"405\" src=\"http:\/\/www.elpolitologoyelpolitico.com.ar:8081\/wordpress\/wp-content\/uploads\/2021\/05\/WhatsApp-Image-2021-05-03-at-2.45.49-PM-1.jpeg\" alt=\"\" data-id=\"2481\" data-full-url=\"http:\/\/www.elpolitologoyelpolitico.com.ar:8081\/wordpress\/wp-content\/uploads\/2021\/05\/WhatsApp-Image-2021-05-03-at-2.45.49-PM-1.jpeg\" data-link=\"http:\/\/www.elpolitologoyelpolitico.com.ar:8081\/wordpress\/?attachment_id=2481\" class=\"wp-image-2481\" srcset=\"https:\/\/www.elpolitologoyelpolitico.com.ar\/wp-content\/uploads\/2021\/05\/WhatsApp-Image-2021-05-03-at-2.45.49-PM-1.jpeg 720w, https:\/\/www.elpolitologoyelpolitico.com.ar\/wp-content\/uploads\/2021\/05\/WhatsApp-Image-2021-05-03-at-2.45.49-PM-1-300x169.jpeg 300w\" sizes=\"(max-width: 720px) 100vw, 720px\" \/><\/figure><\/li><\/ul><\/figure>\n\t\t\t\t\t\t\t\t<\/div>\n\t\t\t\t<\/div>\n\t\t\t\t\t<\/div>\n\t\t<\/div>\n\t\t\t\t\t<\/div>\n\t\t<\/section>\n\t\t\t\t<\/div>\n\t\t<div class=\"fb-background-color\">\n\t\t\t  <div \n\t\t\t  \tclass = \"fb-comments\" \n\t\t\t  \tdata-href = \"https:\/\/www.elpolitologoyelpolitico.com.ar\/wordpress\/2021\/05\/03\/secuestraron-dos-vehiculos-y-una-moto-en-patagones\/\"\n\t\t\t  \tdata-numposts = \"10\"\n\t\t\t  \tdata-lazy = \"true\"\n\t\t\t\tdata-colorscheme = \"light\"\n\t\t\t\tdata-order-by = \"social\"\n\t\t\t\tdata-mobile=true>\n\t\t\t  <\/div><\/div>\n\t\t  <style>\n\t\t    .fb-background-color {\n\t\t\t\tbackground: #ffffff !important;\n\t\t\t}\n\t\t\t.fb_iframe_widget_fluid_desktop iframe {\n\t\t\t    width: 100% !important;\n\t\t\t}\n\t\t  <\/style>\n\t\t  ","protected":false},"excerpt":{"rendered":"<p>En conjunto con personal de Tr\u00e1nsito, dependiente de la Subsecretar\u00eda de Seguridad Ciudadana, la Polic\u00eda Comunal de Carmen de Patagones realiz\u00f3 este fin de semana exhaustivos controles nocturnos. En ese marco, se labraron distintas actas por Infracci\u00f3n a la Ley de Tr\u00e1nsito N\u00ba 24.449, que derivaron en el secuestro de dos veh\u00edculos y una motocicleta; [&hellip;]<\/p>\n","protected":false},"author":4,"featured_media":2479,"comment_status":"closed","ping_status":"closed","sticky":false,"template":"","format":"standard","meta":{"_joinchat":[],"footnotes":""},"categories":[39],"tags":[],"class_list":["post-2478","post","type-post","status-publish","format-standard","has-post-thumbnail","hentry","category-en-esta-seccion"],"_links":{"self":[{"href":"https:\/\/www.elpolitologoyelpolitico.com.ar\/wordpress\/wp-json\/wp\/v2\/posts\/2478","targetHints":{"allow":["GET"]}}],"collection":[{"href":"https:\/\/www.elpolitologoyelpolitico.com.ar\/wordpress\/wp-json\/wp\/v2\/posts"}],"about":[{"href":"https:\/\/www.elpolitologoyelpolitico.com.ar\/wordpress\/wp-json\/wp\/v2\/types\/post"}],"author":[{"embeddable":true,"href":"https:\/\/www.elpolitologoyelpolitico.com.ar\/wordpress\/wp-json\/wp\/v2\/users\/4"}],"replies":[{"embeddable":true,"href":"https:\/\/www.elpolitologoyelpolitico.com.ar\/wordpress\/wp-json\/wp\/v2\/comments?post=2478"}],"version-history":[{"count":0,"href":"https:\/\/www.elpolitologoyelpolitico.com.ar\/wordpress\/wp-json\/wp\/v2\/posts\/2478\/revisions"}],"wp:featuredmedia":[{"embeddable":true,"href":"https:\/\/www.elpolitologoyelpolitico.com.ar\/wordpress\/wp-json\/wp\/v2\/media\/2479"}],"wp:attachment":[{"href":"https:\/\/www.elpolitologoyelpolitico.com.ar\/wordpress\/wp-json\/wp\/v2\/media?parent=2478"}],"wp:term":[{"taxonomy":"category","embeddable":true,"href":"https:\/\/www.elpolitologoyelpolitico.com.ar\/wordpress\/wp-json\/wp\/v2\/categories?post=2478"},{"taxonomy":"post_tag","embeddable":true,"href":"https:\/\/www.elpolitologoyelpolitico.com.ar\/wordpress\/wp-json\/wp\/v2\/tags?post=2478"}],"curies":[{"name":"wp","href":"https:\/\/api.w.org\/{rel}","templated":true}]}}