{"id":24775,"date":"2022-09-24T21:31:41","date_gmt":"2022-09-24T21:31:41","guid":{"rendered":"https:\/\/www.elpolitologoyelpolitico.com.ar\/wordpress\/?p=24775"},"modified":"2022-09-24T21:32:16","modified_gmt":"2022-09-24T21:32:16","slug":"el-intendente-zara-presidio-la-licitacion-de-las-40-viviendas-que-conformaran-el-primer-barrio-policial-de-patagones","status":"publish","type":"post","link":"https:\/\/www.elpolitologoyelpolitico.com.ar\/wordpress\/2022\/09\/24\/el-intendente-zara-presidio-la-licitacion-de-las-40-viviendas-que-conformaran-el-primer-barrio-policial-de-patagones\/","title":{"rendered":"El Intendente Zara presidi\u00f3 la licitaci\u00f3n de las 40 viviendas que conformar\u00e1n el primer Barrio Policial de Patagones"},"content":{"rendered":"\n<p>Este mi\u00e9rcoles, el Intendente Municipal, Ing. Jos\u00e9 Luis Zara, presidi\u00f3 el acto de licitaci\u00f3n de la obra de construcci\u00f3n de 40 viviendas que ser\u00e1n destinadas a personal de las fuerzas de seguridad.&nbsp;<\/p>\n\n\n\n<p>El jefe comunal estuvo acompa\u00f1ado por funcionarios municipales, autoridades policiales, referentes de los gremios de la construcci\u00f3n; UOCRA y SITRAIC y titulares de las empresas oferentes.&nbsp;<\/p>\n\n\n\n<p>\u00abEn este caso estamos abriendo la licitaci\u00f3n de 40 viviendas para el barrio Policial. Es el resultado del convenio firmado por el Intendente con el Ministro Berni y el Instituto de la Vivienda de la Provincia\u00bb, puntualiz\u00f3 el Secretario de Obras P\u00fablicas, Jorge Isaac, al inicio del acto.&nbsp;<\/p>\n\n\n\n<p>Por su parte, el Intendente Zara se\u00f1al\u00f3 que \u00abpara nosotros esta licitaci\u00f3n es muy importante porque se trata del primer barrio policial que vamos a tener en el Partido de Patagones\u00bb.&nbsp;<\/p>\n\n\n\n<p>Del mismo modo, agreg\u00f3 que \u00abconstruir estas viviendas ha sido una desici\u00f3n del Ministro de Seguridad, Sergio Berni. Son las primeras en la provincia y ha determinado que se hagan en Carmen de Patagones. Nosotros estamos adelantando la licitaci\u00f3n, falta el convenio final, pero me hab\u00eda comprometido con el Ministro de avanzar lo m\u00e1s r\u00e1pido posible\u00bb.&nbsp;<\/p>\n\n\n\n<p>\u00abEsto va permitir traer efectivos a Carmen de Patagones para reforzar la seguridad. Nos encontramos que los agentes no tienen viviendas donde estar. Van a ser temporarias para los que la habiten\u00bb, enfatiz\u00f3.&nbsp;<\/p>\n\n\n\n<p>Por \u00faltimo, Zara asegur\u00f3 que \u00abtambi\u00e9n es importante porque genera mano de obra, para los gremios, pero adem\u00e1s tambi\u00e9n soluciona un problema habitacional cuando tenemos que pedir refuerzos de la polic\u00eda, asique es un doble objetivo\u00bb.<\/p>\n\n\n\n<figure class=\"wp-block-gallery has-nested-images columns-default is-cropped wp-block-gallery-1 is-layout-flex wp-block-gallery-is-layout-flex\">\n<figure class=\"wp-block-image size-large\"><img fetchpriority=\"high\" decoding=\"async\" width=\"720\" height=\"540\" data-id=\"24778\" src=\"https:\/\/www.elpolitologoyelpolitico.com.ar\/wp-content\/uploads\/2022\/09\/IMG-20220924-WA0017.jpg\" alt=\"\" class=\"wp-image-24778\" srcset=\"https:\/\/www.elpolitologoyelpolitico.com.ar\/wp-content\/uploads\/2022\/09\/IMG-20220924-WA0017.jpg 720w, https:\/\/www.elpolitologoyelpolitico.com.ar\/wp-content\/uploads\/2022\/09\/IMG-20220924-WA0017-300x225.jpg 300w\" sizes=\"(max-width: 720px) 100vw, 720px\" \/><\/figure>\n\n\n\n<figure class=\"wp-block-image size-large\"><img decoding=\"async\" width=\"720\" height=\"540\" data-id=\"24779\" src=\"https:\/\/www.elpolitologoyelpolitico.com.ar\/wp-content\/uploads\/2022\/09\/IMG-20220924-WA0015-1.jpg\" alt=\"\" class=\"wp-image-24779\" srcset=\"https:\/\/www.elpolitologoyelpolitico.com.ar\/wp-content\/uploads\/2022\/09\/IMG-20220924-WA0015-1.jpg 720w, https:\/\/www.elpolitologoyelpolitico.com.ar\/wp-content\/uploads\/2022\/09\/IMG-20220924-WA0015-1-300x225.jpg 300w\" sizes=\"(max-width: 720px) 100vw, 720px\" \/><\/figure>\n<\/figure>\n<div class=\"fb-background-color\">\n\t\t\t  <div \n\t\t\t  \tclass = \"fb-comments\" \n\t\t\t  \tdata-href = \"https:\/\/www.elpolitologoyelpolitico.com.ar\/wordpress\/2022\/09\/24\/el-intendente-zara-presidio-la-licitacion-de-las-40-viviendas-que-conformaran-el-primer-barrio-policial-de-patagones\/\"\n\t\t\t  \tdata-numposts = \"10\"\n\t\t\t  \tdata-lazy = \"true\"\n\t\t\t\tdata-colorscheme = \"light\"\n\t\t\t\tdata-order-by = \"social\"\n\t\t\t\tdata-mobile=true>\n\t\t\t  <\/div><\/div>\n\t\t  <style>\n\t\t    .fb-background-color {\n\t\t\t\tbackground: #ffffff !important;\n\t\t\t}\n\t\t\t.fb_iframe_widget_fluid_desktop iframe {\n\t\t\t    width: 100% !important;\n\t\t\t}\n\t\t  <\/style>\n\t\t  ","protected":false},"excerpt":{"rendered":"<p>Este mi\u00e9rcoles, el Intendente Municipal, Ing. Jos\u00e9 Luis Zara, presidi\u00f3 el acto de licitaci\u00f3n de la obra de construcci\u00f3n de 40 viviendas que ser\u00e1n destinadas a personal de las fuerzas de seguridad.&nbsp; El jefe comunal estuvo acompa\u00f1ado por funcionarios municipales, autoridades policiales, referentes de los gremios de la construcci\u00f3n; UOCRA y SITRAIC y titulares de [&hellip;]<\/p>\n","protected":false},"author":4,"featured_media":24777,"comment_status":"closed","ping_status":"closed","sticky":false,"template":"","format":"standard","meta":{"_joinchat":[],"footnotes":""},"categories":[4],"tags":[],"class_list":["post-24775","post","type-post","status-publish","format-standard","has-post-thumbnail","hentry","category-politicas-publicas"],"_links":{"self":[{"href":"https:\/\/www.elpolitologoyelpolitico.com.ar\/wordpress\/wp-json\/wp\/v2\/posts\/24775","targetHints":{"allow":["GET"]}}],"collection":[{"href":"https:\/\/www.elpolitologoyelpolitico.com.ar\/wordpress\/wp-json\/wp\/v2\/posts"}],"about":[{"href":"https:\/\/www.elpolitologoyelpolitico.com.ar\/wordpress\/wp-json\/wp\/v2\/types\/post"}],"author":[{"embeddable":true,"href":"https:\/\/www.elpolitologoyelpolitico.com.ar\/wordpress\/wp-json\/wp\/v2\/users\/4"}],"replies":[{"embeddable":true,"href":"https:\/\/www.elpolitologoyelpolitico.com.ar\/wordpress\/wp-json\/wp\/v2\/comments?post=24775"}],"version-history":[{"count":0,"href":"https:\/\/www.elpolitologoyelpolitico.com.ar\/wordpress\/wp-json\/wp\/v2\/posts\/24775\/revisions"}],"wp:featuredmedia":[{"embeddable":true,"href":"https:\/\/www.elpolitologoyelpolitico.com.ar\/wordpress\/wp-json\/wp\/v2\/media\/24777"}],"wp:attachment":[{"href":"https:\/\/www.elpolitologoyelpolitico.com.ar\/wordpress\/wp-json\/wp\/v2\/media?parent=24775"}],"wp:term":[{"taxonomy":"category","embeddable":true,"href":"https:\/\/www.elpolitologoyelpolitico.com.ar\/wordpress\/wp-json\/wp\/v2\/categories?post=24775"},{"taxonomy":"post_tag","embeddable":true,"href":"https:\/\/www.elpolitologoyelpolitico.com.ar\/wordpress\/wp-json\/wp\/v2\/tags?post=24775"}],"curies":[{"name":"wp","href":"https:\/\/api.w.org\/{rel}","templated":true}]}}