{"id":24771,"date":"2022-09-24T15:38:18","date_gmt":"2022-09-24T15:38:18","guid":{"rendered":"https:\/\/www.elpolitologoyelpolitico.com.ar\/wordpress\/?p=24771"},"modified":"2022-09-24T15:39:29","modified_gmt":"2022-09-24T15:39:29","slug":"llega-san-lorenzo-de-almagro-al-deportivo-patagones","status":"publish","type":"post","link":"https:\/\/www.elpolitologoyelpolitico.com.ar\/wordpress\/2022\/09\/24\/llega-san-lorenzo-de-almagro-al-deportivo-patagones\/","title":{"rendered":"LLEGA SAN LORENZO DE ALMAGRO AL DEPORTIVO PATAGONES"},"content":{"rendered":"\n<p>Por iniciativa del Coordinador de formativas del tricolor Marcelo Crespo y Subcomisi\u00f3n de futbol, llega Marcelo Manzo captador y scouting- en representaci\u00f3n de San Lorenzo de almagro al depo para mirar y observar a nuestros jugadores de la Comarca.<\/p>\n\n\n\n<p>Invitados por el Deportivo Patagones, los clubes tendr\u00e1n la posibilidad de llevar a su categor\u00eda pura para jugar con otros clubes invitados, una manera diferente a todas las pruebas vista en nuestra Regi\u00f3n.<\/p>\n\n\n\n<p><strong>A continuaci\u00f3n el Cronograma de Partidos y Categor\u00edas<\/strong><\/p>\n\n\n\n<p><strong>Martes 27\/10<\/strong><\/p>\n\n\n\n<p><strong>S\u00e9ptima (2009)<\/strong><\/p>\n\n\n\n<p>17 hs<\/p>\n\n\n\n<p>Deportivo Patagones, Apel, Boulevard y Jorge<\/p>\n\n\n\n<p><strong>Sexta (2008)<\/strong><\/p>\n\n\n\n<p>19 hs<\/p>\n\n\n\n<p>Deportivo Patagones, Boulevard, Jorge y ADCP.<\/p>\n\n\n\n<p><strong>Mi\u00e9rcoles 28\/10<\/strong><\/p>\n\n\n\n<p><strong>Quinta (2007-2006)<\/strong><\/p>\n\n\n\n<p>17 hs<\/p>\n\n\n\n<p>Deportivo Patagones, Jorge, ADCP y Sol de Mayo.<\/p>\n\n\n\n<p><strong>Cuarta (2005-2004)<\/strong><\/p>\n\n\n\n<p>19 hs&nbsp;<\/p>\n\n\n\n<p>Deportivo Patagones , ADCP, Jorge, Sol de Mayo y Villa Congreso.<\/p>\n<div class=\"fb-background-color\">\n\t\t\t  <div \n\t\t\t  \tclass = \"fb-comments\" \n\t\t\t  \tdata-href = \"https:\/\/www.elpolitologoyelpolitico.com.ar\/wordpress\/2022\/09\/24\/llega-san-lorenzo-de-almagro-al-deportivo-patagones\/\"\n\t\t\t  \tdata-numposts = \"10\"\n\t\t\t  \tdata-lazy = \"true\"\n\t\t\t\tdata-colorscheme = \"light\"\n\t\t\t\tdata-order-by = \"social\"\n\t\t\t\tdata-mobile=true>\n\t\t\t  <\/div><\/div>\n\t\t  <style>\n\t\t    .fb-background-color {\n\t\t\t\tbackground: #ffffff !important;\n\t\t\t}\n\t\t\t.fb_iframe_widget_fluid_desktop iframe {\n\t\t\t    width: 100% !important;\n\t\t\t}\n\t\t  <\/style>\n\t\t  ","protected":false},"excerpt":{"rendered":"<p>Por iniciativa del Coordinador de formativas del tricolor Marcelo Crespo y Subcomisi\u00f3n de futbol, llega Marcelo Manzo captador y scouting- en representaci\u00f3n de San Lorenzo de almagro al depo para mirar y observar a nuestros jugadores de la Comarca. Invitados por el Deportivo Patagones, los clubes tendr\u00e1n la posibilidad de llevar a su categor\u00eda pura [&hellip;]<\/p>\n","protected":false},"author":4,"featured_media":24772,"comment_status":"closed","ping_status":"closed","sticky":false,"template":"","format":"standard","meta":{"_joinchat":[],"footnotes":""},"categories":[39],"tags":[],"class_list":["post-24771","post","type-post","status-publish","format-standard","has-post-thumbnail","hentry","category-en-esta-seccion"],"_links":{"self":[{"href":"https:\/\/www.elpolitologoyelpolitico.com.ar\/wordpress\/wp-json\/wp\/v2\/posts\/24771","targetHints":{"allow":["GET"]}}],"collection":[{"href":"https:\/\/www.elpolitologoyelpolitico.com.ar\/wordpress\/wp-json\/wp\/v2\/posts"}],"about":[{"href":"https:\/\/www.elpolitologoyelpolitico.com.ar\/wordpress\/wp-json\/wp\/v2\/types\/post"}],"author":[{"embeddable":true,"href":"https:\/\/www.elpolitologoyelpolitico.com.ar\/wordpress\/wp-json\/wp\/v2\/users\/4"}],"replies":[{"embeddable":true,"href":"https:\/\/www.elpolitologoyelpolitico.com.ar\/wordpress\/wp-json\/wp\/v2\/comments?post=24771"}],"version-history":[{"count":0,"href":"https:\/\/www.elpolitologoyelpolitico.com.ar\/wordpress\/wp-json\/wp\/v2\/posts\/24771\/revisions"}],"wp:featuredmedia":[{"embeddable":true,"href":"https:\/\/www.elpolitologoyelpolitico.com.ar\/wordpress\/wp-json\/wp\/v2\/media\/24772"}],"wp:attachment":[{"href":"https:\/\/www.elpolitologoyelpolitico.com.ar\/wordpress\/wp-json\/wp\/v2\/media?parent=24771"}],"wp:term":[{"taxonomy":"category","embeddable":true,"href":"https:\/\/www.elpolitologoyelpolitico.com.ar\/wordpress\/wp-json\/wp\/v2\/categories?post=24771"},{"taxonomy":"post_tag","embeddable":true,"href":"https:\/\/www.elpolitologoyelpolitico.com.ar\/wordpress\/wp-json\/wp\/v2\/tags?post=24771"}],"curies":[{"name":"wp","href":"https:\/\/api.w.org\/{rel}","templated":true}]}}