{"id":24764,"date":"2022-09-24T01:58:48","date_gmt":"2022-09-24T01:58:48","guid":{"rendered":"https:\/\/www.elpolitologoyelpolitico.com.ar\/wordpress\/?p=24764"},"modified":"2022-09-24T01:59:44","modified_gmt":"2022-09-24T01:59:44","slug":"el-intendente-zara-junto-a-la-secretaria-de-integracion-socio-urbana-fernanda-mino-visito-las-obras-del-barrio-villa-del-carmen","status":"publish","type":"post","link":"https:\/\/www.elpolitologoyelpolitico.com.ar\/wordpress\/2022\/09\/24\/el-intendente-zara-junto-a-la-secretaria-de-integracion-socio-urbana-fernanda-mino-visito-las-obras-del-barrio-villa-del-carmen\/","title":{"rendered":"El Intendente Zara junto a la Secretaria de Integraci\u00f3n Socio Urbana, Fernanda Mi\u00f1o, visit\u00f3 las obras del barrio Villa Del Carmen"},"content":{"rendered":"\n<p>Este jueves, el Intendente&nbsp; Municipal, Ing. Jos\u00e9 Luis Zara, junto a la Secretaria Municipal de Integraci\u00f3n Socio Urbana, Fernada Mi\u00f1o, y funcionarios municipales visit\u00f3 los trabajos que se llevan adelante en el barrio Villa Del Carmen, en el marco del proyecto de urbanizaci\u00f3n, financiado por la Secretar\u00eda de Integraci\u00f3n Socio Urbana (SISU), dependiente del ministerio de Desarrollo Social de la Naci\u00f3n.&nbsp;<\/p>\n\n\n\n<p>El jefe comunal y los funcionarios fueron recibidos por la presidenta de la Comisi\u00f3n de Fomento, Vanesa Seguel, y vecinos del lugar, con quienes dialogaron acerca de las obras en desarrollo para mejorar la calidad de vida de los vecinos.<\/p>\n\n\n\n<p>Cabe destacar que las obras previstas prev\u00e9n una inversi\u00f3n superior a los 400 millones de pesos y ya se registraron importantes avances en los trabajos de alumbrado p\u00fablico, tendido de cables, red de agua y cloacal, construcci\u00f3n de cord\u00f3n cuneta, veredas y est\u00e1 en marcha la construcci\u00f3n de un amplio sal\u00f3n de usos m\u00faltiples.&nbsp;<\/p>\n\n\n\n<p>Asimismo, se proyectan importantes trabajos vinculados con la red vial, desag\u00fces pluviales, equipamiento urbano correspondiente a colocaci\u00f3n de se\u00f1al\u00e9tica, construcci\u00f3n de garitas para colectivos, plazas, espacios verdes, parques, juegos infantiles, senderos y bancos, entre otros.<\/p>\n\n\n\n<figure class=\"wp-block-gallery has-nested-images columns-default is-cropped wp-block-gallery-1 is-layout-flex wp-block-gallery-is-layout-flex\">\n<figure class=\"wp-block-image size-large\"><img fetchpriority=\"high\" decoding=\"async\" width=\"720\" height=\"474\" data-id=\"24766\" src=\"https:\/\/www.elpolitologoyelpolitico.com.ar\/wp-content\/uploads\/2022\/09\/IMG-20220923-WA0043.jpg\" alt=\"\" class=\"wp-image-24766\" srcset=\"https:\/\/www.elpolitologoyelpolitico.com.ar\/wp-content\/uploads\/2022\/09\/IMG-20220923-WA0043.jpg 720w, https:\/\/www.elpolitologoyelpolitico.com.ar\/wp-content\/uploads\/2022\/09\/IMG-20220923-WA0043-300x198.jpg 300w\" sizes=\"(max-width: 720px) 100vw, 720px\" \/><\/figure>\n\n\n\n<figure class=\"wp-block-image size-large\"><img decoding=\"async\" width=\"720\" height=\"472\" data-id=\"24767\" src=\"https:\/\/www.elpolitologoyelpolitico.com.ar\/wp-content\/uploads\/2022\/09\/IMG-20220923-WA0041.jpg\" alt=\"\" class=\"wp-image-24767\" srcset=\"https:\/\/www.elpolitologoyelpolitico.com.ar\/wp-content\/uploads\/2022\/09\/IMG-20220923-WA0041.jpg 720w, https:\/\/www.elpolitologoyelpolitico.com.ar\/wp-content\/uploads\/2022\/09\/IMG-20220923-WA0041-300x197.jpg 300w\" sizes=\"(max-width: 720px) 100vw, 720px\" \/><\/figure>\n\n\n\n<figure class=\"wp-block-image size-large\"><img decoding=\"async\" width=\"720\" height=\"476\" data-id=\"24768\" src=\"https:\/\/www.elpolitologoyelpolitico.com.ar\/wp-content\/uploads\/2022\/09\/IMG-20220923-WA0042.jpg\" alt=\"\" class=\"wp-image-24768\" srcset=\"https:\/\/www.elpolitologoyelpolitico.com.ar\/wp-content\/uploads\/2022\/09\/IMG-20220923-WA0042.jpg 720w, https:\/\/www.elpolitologoyelpolitico.com.ar\/wp-content\/uploads\/2022\/09\/IMG-20220923-WA0042-300x198.jpg 300w\" sizes=\"(max-width: 720px) 100vw, 720px\" \/><\/figure>\n<\/figure>\n<div class=\"fb-background-color\">\n\t\t\t  <div \n\t\t\t  \tclass = \"fb-comments\" \n\t\t\t  \tdata-href = \"https:\/\/www.elpolitologoyelpolitico.com.ar\/wordpress\/2022\/09\/24\/el-intendente-zara-junto-a-la-secretaria-de-integracion-socio-urbana-fernanda-mino-visito-las-obras-del-barrio-villa-del-carmen\/\"\n\t\t\t  \tdata-numposts = \"10\"\n\t\t\t  \tdata-lazy = \"true\"\n\t\t\t\tdata-colorscheme = \"light\"\n\t\t\t\tdata-order-by = \"social\"\n\t\t\t\tdata-mobile=true>\n\t\t\t  <\/div><\/div>\n\t\t  <style>\n\t\t    .fb-background-color {\n\t\t\t\tbackground: #ffffff !important;\n\t\t\t}\n\t\t\t.fb_iframe_widget_fluid_desktop iframe {\n\t\t\t    width: 100% !important;\n\t\t\t}\n\t\t  <\/style>\n\t\t  ","protected":false},"excerpt":{"rendered":"<p>Este jueves, el Intendente&nbsp; Municipal, Ing. Jos\u00e9 Luis Zara, junto a la Secretaria Municipal de Integraci\u00f3n Socio Urbana, Fernada Mi\u00f1o, y funcionarios municipales visit\u00f3 los trabajos que se llevan adelante en el barrio Villa Del Carmen, en el marco del proyecto de urbanizaci\u00f3n, financiado por la Secretar\u00eda de Integraci\u00f3n Socio Urbana (SISU), dependiente del ministerio [&hellip;]<\/p>\n","protected":false},"author":4,"featured_media":24765,"comment_status":"closed","ping_status":"closed","sticky":false,"template":"","format":"standard","meta":{"_joinchat":[],"footnotes":""},"categories":[4],"tags":[],"class_list":["post-24764","post","type-post","status-publish","format-standard","has-post-thumbnail","hentry","category-politicas-publicas"],"_links":{"self":[{"href":"https:\/\/www.elpolitologoyelpolitico.com.ar\/wordpress\/wp-json\/wp\/v2\/posts\/24764","targetHints":{"allow":["GET"]}}],"collection":[{"href":"https:\/\/www.elpolitologoyelpolitico.com.ar\/wordpress\/wp-json\/wp\/v2\/posts"}],"about":[{"href":"https:\/\/www.elpolitologoyelpolitico.com.ar\/wordpress\/wp-json\/wp\/v2\/types\/post"}],"author":[{"embeddable":true,"href":"https:\/\/www.elpolitologoyelpolitico.com.ar\/wordpress\/wp-json\/wp\/v2\/users\/4"}],"replies":[{"embeddable":true,"href":"https:\/\/www.elpolitologoyelpolitico.com.ar\/wordpress\/wp-json\/wp\/v2\/comments?post=24764"}],"version-history":[{"count":0,"href":"https:\/\/www.elpolitologoyelpolitico.com.ar\/wordpress\/wp-json\/wp\/v2\/posts\/24764\/revisions"}],"wp:featuredmedia":[{"embeddable":true,"href":"https:\/\/www.elpolitologoyelpolitico.com.ar\/wordpress\/wp-json\/wp\/v2\/media\/24765"}],"wp:attachment":[{"href":"https:\/\/www.elpolitologoyelpolitico.com.ar\/wordpress\/wp-json\/wp\/v2\/media?parent=24764"}],"wp:term":[{"taxonomy":"category","embeddable":true,"href":"https:\/\/www.elpolitologoyelpolitico.com.ar\/wordpress\/wp-json\/wp\/v2\/categories?post=24764"},{"taxonomy":"post_tag","embeddable":true,"href":"https:\/\/www.elpolitologoyelpolitico.com.ar\/wordpress\/wp-json\/wp\/v2\/tags?post=24764"}],"curies":[{"name":"wp","href":"https:\/\/api.w.org\/{rel}","templated":true}]}}