{"id":24760,"date":"2022-09-24T01:50:56","date_gmt":"2022-09-24T01:50:56","guid":{"rendered":"https:\/\/www.elpolitologoyelpolitico.com.ar\/wordpress\/?p=24760"},"modified":"2022-09-24T01:51:29","modified_gmt":"2022-09-24T01:51:29","slug":"capacitacion-en-interpretacion-coral-viedma-canta-en-el-centro-cultural","status":"publish","type":"post","link":"https:\/\/www.elpolitologoyelpolitico.com.ar\/wordpress\/2022\/09\/24\/capacitacion-en-interpretacion-coral-viedma-canta-en-el-centro-cultural\/","title":{"rendered":"Capacitaci\u00f3n en Interpretaci\u00f3n Coral \u201cViedma Canta\u201d en el Centro Cultural"},"content":{"rendered":"\n<p>Del 30 de septiembre al 2 de octubre en el Centro Municipal de Cultura se realizar\u00e1 la Capacitaci\u00f3n en Interpretaci\u00f3n Coral \u201cViedma Canta\u00bb, dictado por Virginia Bono de manera gratuita.&nbsp;<\/p>\n\n\n\n<p>El Taller de Preparaci\u00f3n de Obras est\u00e1 dirigido a Directores de Coro, Coreutas, profesores de m\u00fasica y estudiantes. Los interesados pueden inscribirse e informarse al correo <a href=\"mailto:viedmacanta2022@gmail.com\">viedmacanta2022@gmail.com<\/a> o mediante los tel\u00e9fonos 2920 699988 o 2920 401257.<\/p>\n\n\n\n<p>Esta actividad cuenta con el acompa\u00f1amiento de la Universidad de R\u00edo Negro y el Gobierno de Viedma a trav\u00e9s de la Subsecretaria de Cultura.<\/p>\n\n\n\n<p>Virginia Bono es directora de coros y pedagoga musical, egresada del Instituto Superior de M\u00fasica de la Universidad Nacional del Litoral y de la Escuela Superior de M\u00fasica y Arte Esc\u00e9nico de Frankfurt, Alemania.<\/p>\n\n\n\n<p>Ha dado innumerable cantidad de talleres y master clases en Argentina, Uruguay, Chile, M\u00e9xico, Ecuador, Alemania, Francia, Italia, Portugal, B\u00e9lgica, Hungr\u00eda, Austria, entre otros tantos pa\u00edses. Dirige el Coro Juvenil Femenino y el Coro de Ni\u00f1os sede Centro del Instituto Coral de la provincia.<\/p>\n\n\n\n<p>Fue jurado de competencias internacionales en Europa y Sud\u00e1frica, es autora de publicaciones especializadas y miembro de la Asociaci\u00f3n de Directores de Coro de Argentina (Adicora) y de Santa Fe (Adicofe). Es una de las impulsoras del proyecto nacional \u201cDirectoras hablan de la m\u00fasica coral\u201d que busca la visibilizaci\u00f3n de las directoras mujeres. Tambi\u00e9n participa en el colectivo Mujeres en la M\u00fasica Coral y colabora en la Comisi\u00f3n de la Mujer y Tem\u00e1ticas de G\u00e9nero de la Asociaci\u00f3n de Directores de Coros de la Rep\u00fablica Argentina (Adicora).<\/p>\n\n\n\n<p>Es fundadora y directora del Estudio Coral Meridies, coro independiente y vocacional reconocido a nivel internacional. A lo largo de sus quince a\u00f1os de existencia, el coro de c\u00e1mara particip\u00f3 representando a Argentina y Am\u00e9rica Latina en simposios mundiales, festivales y concursos nacionales e internacionales, donde recibi\u00f3 numerosos premios y distinciones.<\/p>\n<div class=\"fb-background-color\">\n\t\t\t  <div \n\t\t\t  \tclass = \"fb-comments\" \n\t\t\t  \tdata-href = \"https:\/\/www.elpolitologoyelpolitico.com.ar\/wordpress\/2022\/09\/24\/capacitacion-en-interpretacion-coral-viedma-canta-en-el-centro-cultural\/\"\n\t\t\t  \tdata-numposts = \"10\"\n\t\t\t  \tdata-lazy = \"true\"\n\t\t\t\tdata-colorscheme = \"light\"\n\t\t\t\tdata-order-by = \"social\"\n\t\t\t\tdata-mobile=true>\n\t\t\t  <\/div><\/div>\n\t\t  <style>\n\t\t    .fb-background-color {\n\t\t\t\tbackground: #ffffff !important;\n\t\t\t}\n\t\t\t.fb_iframe_widget_fluid_desktop iframe {\n\t\t\t    width: 100% !important;\n\t\t\t}\n\t\t  <\/style>\n\t\t  ","protected":false},"excerpt":{"rendered":"<p>Del 30 de septiembre al 2 de octubre en el Centro Municipal de Cultura se realizar\u00e1 la Capacitaci\u00f3n en Interpretaci\u00f3n Coral \u201cViedma Canta\u00bb, dictado por Virginia Bono de manera gratuita.&nbsp; El Taller de Preparaci\u00f3n de Obras est\u00e1 dirigido a Directores de Coro, Coreutas, profesores de m\u00fasica y estudiantes. Los interesados pueden inscribirse e informarse al [&hellip;]<\/p>\n","protected":false},"author":4,"featured_media":24761,"comment_status":"closed","ping_status":"closed","sticky":false,"template":"","format":"standard","meta":{"_joinchat":[],"footnotes":""},"categories":[39],"tags":[],"class_list":["post-24760","post","type-post","status-publish","format-standard","has-post-thumbnail","hentry","category-en-esta-seccion"],"_links":{"self":[{"href":"https:\/\/www.elpolitologoyelpolitico.com.ar\/wordpress\/wp-json\/wp\/v2\/posts\/24760","targetHints":{"allow":["GET"]}}],"collection":[{"href":"https:\/\/www.elpolitologoyelpolitico.com.ar\/wordpress\/wp-json\/wp\/v2\/posts"}],"about":[{"href":"https:\/\/www.elpolitologoyelpolitico.com.ar\/wordpress\/wp-json\/wp\/v2\/types\/post"}],"author":[{"embeddable":true,"href":"https:\/\/www.elpolitologoyelpolitico.com.ar\/wordpress\/wp-json\/wp\/v2\/users\/4"}],"replies":[{"embeddable":true,"href":"https:\/\/www.elpolitologoyelpolitico.com.ar\/wordpress\/wp-json\/wp\/v2\/comments?post=24760"}],"version-history":[{"count":0,"href":"https:\/\/www.elpolitologoyelpolitico.com.ar\/wordpress\/wp-json\/wp\/v2\/posts\/24760\/revisions"}],"wp:featuredmedia":[{"embeddable":true,"href":"https:\/\/www.elpolitologoyelpolitico.com.ar\/wordpress\/wp-json\/wp\/v2\/media\/24761"}],"wp:attachment":[{"href":"https:\/\/www.elpolitologoyelpolitico.com.ar\/wordpress\/wp-json\/wp\/v2\/media?parent=24760"}],"wp:term":[{"taxonomy":"category","embeddable":true,"href":"https:\/\/www.elpolitologoyelpolitico.com.ar\/wordpress\/wp-json\/wp\/v2\/categories?post=24760"},{"taxonomy":"post_tag","embeddable":true,"href":"https:\/\/www.elpolitologoyelpolitico.com.ar\/wordpress\/wp-json\/wp\/v2\/tags?post=24760"}],"curies":[{"name":"wp","href":"https:\/\/api.w.org\/{rel}","templated":true}]}}