{"id":24755,"date":"2022-09-24T01:36:55","date_gmt":"2022-09-24T01:36:55","guid":{"rendered":"https:\/\/www.elpolitologoyelpolitico.com.ar\/wordpress\/?p=24755"},"modified":"2022-09-24T01:37:26","modified_gmt":"2022-09-24T01:37:26","slug":"la-23-maraton-stilo-brindara-un-espectaculo-deportivo-en-viedma","status":"publish","type":"post","link":"https:\/\/www.elpolitologoyelpolitico.com.ar\/wordpress\/2022\/09\/24\/la-23-maraton-stilo-brindara-un-espectaculo-deportivo-en-viedma\/","title":{"rendered":"La 23\u00b0 Marat\u00f3n Stilo brindar\u00e1 un espect\u00e1culo deportivo en Viedma"},"content":{"rendered":"\n<p>La Provincia acompa\u00f1ar\u00e1 la 23\u00b0 Marat\u00f3n Stilo \u201cSan Fernando\u201d, la cl\u00e1sica competencia que tendr\u00e1 lugar el pr\u00f3ximo domingo 6 de noviembre con la participaci\u00f3n de unas 5000 personas, que recorrer\u00e1n circuitos diagramados para ni\u00f1os y ni\u00f1as, familias y profesionales.<\/p>\n\n\n\n<p>Ayer se realiz\u00f3 el lanzamiento de este evento deportivo, con el fin de presentar los detalles de la carrera. Participaron la subsecretaria provincial de Coordinaci\u00f3n Deportiva, Natalia Mildenberger; Robert L\u00f3pez&nbsp; presidente de Loter\u00eda de R\u00edo Negro; el secretario municipal de Deporte, Cultura y Turismo, Juan Gorosito junto a Marcelo Barra, director de Deportes; Silvia Gonz\u00e1lez Vitorica, reconocida atleta local y Natalia Enriquez, main sponsor de la carrera y los organizadores, Germ\u00e1n y Sergio Hecker.<\/p>\n\n\n\n<p>A su turno, los directores de la competencia agradecieron el acompa\u00f1amiento recibido: \u201csiempre contamos con el apoyo de las peque\u00f1as y grandes empresas locales, el Municipio y el Gobierno de la Provincia, particularmente de la Gobernadora Arabela Carreras, quien promueve el deporte y la vida saludable\u201d. Adem\u00e1s, Sergio Hecker repas\u00f3 la historia de esta carrera, \u201ctodo comenz\u00f3 con un fin solidario y recaudar fondos para C\u00e9sar Troncoso, un atleta local que necesitaba fondos para participar de una prueba importante y as\u00ed contin\u00faa, porque en este a\u00f1o, parte del dinero que juntemos estar\u00e1 destinado a Ang\u00e9lica Ca\u00f1ul\u00e9, mam\u00e1 del competidor con discapacidad Facundo Ca\u00f1ul\u00e9, quien debe someterse a una cirug\u00eda ocular\u201d.<\/p>\n\n\n\n<p>Por su parte, la subsecretaria de Coordinaci\u00f3n Deportiva, Natalia Mildenberger, expres\u00f3 que \u201ces un placer acompa\u00f1ar desde el Gobierno rionegrino a este tipo de corridas que son necesarias para que las y los atletas se midan sus marcas, objetivos y tiempos. Este es un evento de los grandes que tenemos en nuestra provincia, que cuenta con los mejores exponentes del pa\u00eds, como lo son Agust\u00edn Erario o Nancy Urrutia, los \u00faltimos ganadores de la carrera o la regional Silvia Gonz\u00e1lez Vitorica. Sin dudas, ser\u00e1 una verdadera fiesta deportiva\u201d.<\/p>\n\n\n\n<figure class=\"wp-block-image size-large\"><img fetchpriority=\"high\" decoding=\"async\" width=\"1024\" height=\"678\" src=\"https:\/\/www.elpolitologoyelpolitico.com.ar\/wp-content\/uploads\/2022\/09\/IMG-20220923-WA0044-1024x678.jpg\" alt=\"\" class=\"wp-image-24757\" srcset=\"https:\/\/www.elpolitologoyelpolitico.com.ar\/wp-content\/uploads\/2022\/09\/IMG-20220923-WA0044-1024x678.jpg 1024w, https:\/\/www.elpolitologoyelpolitico.com.ar\/wp-content\/uploads\/2022\/09\/IMG-20220923-WA0044-300x199.jpg 300w, https:\/\/www.elpolitologoyelpolitico.com.ar\/wp-content\/uploads\/2022\/09\/IMG-20220923-WA0044-768x508.jpg 768w, https:\/\/www.elpolitologoyelpolitico.com.ar\/wp-content\/uploads\/2022\/09\/IMG-20220923-WA0044.jpg 1200w\" sizes=\"(max-width: 1024px) 100vw, 1024px\" \/><\/figure>\n\n\n\n<p><strong>La Cl\u00e1sica Viedmense en el sprint final<\/strong><\/p>\n\n\n\n<p>La Marat\u00f3n se llevar\u00e1 adelante en las inmediaciones del Parque Intendente Jorge Ferreira, iniciando a las 11:30 y tendr\u00e1 un circuito callejero con l\u00ednea de partida, dividida por categor\u00edas y punto de partida a metros de la sede del C\u00edrculo de Atletas Veteranos de la Comarca (CAVECO).<\/p>\n\n\n\n<p>La primera tanda en salir, ser\u00e1 la kids destinada a las infancias de entre 4 y 16 a\u00f1os, quienes ser\u00e1n reconocidos con medallas de participaci\u00f3n. En tanto que la carrera para personas con discapacidad largar\u00e1 a las 14 con una distancia de 2 kil\u00f3metros hasta el Barco Hundido. Mientras que a las 15:30, la prueba familiar comenzar\u00e1 a desplazarse por el circuito dise\u00f1ado de 3 kil\u00f3metros hasta la Fuente Pucar\u00e1 en calle 25 de Mayo.<\/p>\n\n\n\n<p>Las categor\u00edas de competencia profesional tambi\u00e9n tendr\u00e1n horario de largada las 15:30 por el circuito homologado de 10 kil\u00f3metros de distancia, en 2 vueltas de 5k cada una, pasando por la costanera hasta la calle \u00c1lvaro Barros, en la que competir\u00e1n las y los atletas juveniles (a partir de los 17 a\u00f1os), Elite (20 a 34) y las categor\u00edas Master segmentadas de 5 en 5 a\u00f1os.<\/p>\n\n\n\n<p>La organizaci\u00f3n dispuso que la entrega de los kits para profesionales se realizar\u00e1 desde el 3 al 5 de noviembre en la sede CAVECO (calle Ra\u00fal Alfons\u00edn 1380): jueves y viernes entre las 16 y 20 horas y el s\u00e1bado, horario corrido de 10 a 20. El kit contiene la remera oficial de carrera, chips, barra energ\u00e9tica, entre otros elementos, con el correspondiente n\u00famero de dorsal.<\/p>\n<div class=\"fb-background-color\">\n\t\t\t  <div \n\t\t\t  \tclass = \"fb-comments\" \n\t\t\t  \tdata-href = \"https:\/\/www.elpolitologoyelpolitico.com.ar\/wordpress\/2022\/09\/24\/la-23-maraton-stilo-brindara-un-espectaculo-deportivo-en-viedma\/\"\n\t\t\t  \tdata-numposts = \"10\"\n\t\t\t  \tdata-lazy = \"true\"\n\t\t\t\tdata-colorscheme = \"light\"\n\t\t\t\tdata-order-by = \"social\"\n\t\t\t\tdata-mobile=true>\n\t\t\t  <\/div><\/div>\n\t\t  <style>\n\t\t    .fb-background-color {\n\t\t\t\tbackground: #ffffff !important;\n\t\t\t}\n\t\t\t.fb_iframe_widget_fluid_desktop iframe {\n\t\t\t    width: 100% !important;\n\t\t\t}\n\t\t  <\/style>\n\t\t  ","protected":false},"excerpt":{"rendered":"<p>La Provincia acompa\u00f1ar\u00e1 la 23\u00b0 Marat\u00f3n Stilo \u201cSan Fernando\u201d, la cl\u00e1sica competencia que tendr\u00e1 lugar el pr\u00f3ximo domingo 6 de noviembre con la participaci\u00f3n de unas 5000 personas, que recorrer\u00e1n circuitos diagramados para ni\u00f1os y ni\u00f1as, familias y profesionales. Ayer se realiz\u00f3 el lanzamiento de este evento deportivo, con el fin de presentar los detalles [&hellip;]<\/p>\n","protected":false},"author":4,"featured_media":24756,"comment_status":"closed","ping_status":"closed","sticky":false,"template":"","format":"standard","meta":{"_joinchat":[],"footnotes":""},"categories":[39],"tags":[],"class_list":["post-24755","post","type-post","status-publish","format-standard","has-post-thumbnail","hentry","category-en-esta-seccion"],"_links":{"self":[{"href":"https:\/\/www.elpolitologoyelpolitico.com.ar\/wordpress\/wp-json\/wp\/v2\/posts\/24755","targetHints":{"allow":["GET"]}}],"collection":[{"href":"https:\/\/www.elpolitologoyelpolitico.com.ar\/wordpress\/wp-json\/wp\/v2\/posts"}],"about":[{"href":"https:\/\/www.elpolitologoyelpolitico.com.ar\/wordpress\/wp-json\/wp\/v2\/types\/post"}],"author":[{"embeddable":true,"href":"https:\/\/www.elpolitologoyelpolitico.com.ar\/wordpress\/wp-json\/wp\/v2\/users\/4"}],"replies":[{"embeddable":true,"href":"https:\/\/www.elpolitologoyelpolitico.com.ar\/wordpress\/wp-json\/wp\/v2\/comments?post=24755"}],"version-history":[{"count":0,"href":"https:\/\/www.elpolitologoyelpolitico.com.ar\/wordpress\/wp-json\/wp\/v2\/posts\/24755\/revisions"}],"wp:featuredmedia":[{"embeddable":true,"href":"https:\/\/www.elpolitologoyelpolitico.com.ar\/wordpress\/wp-json\/wp\/v2\/media\/24756"}],"wp:attachment":[{"href":"https:\/\/www.elpolitologoyelpolitico.com.ar\/wordpress\/wp-json\/wp\/v2\/media?parent=24755"}],"wp:term":[{"taxonomy":"category","embeddable":true,"href":"https:\/\/www.elpolitologoyelpolitico.com.ar\/wordpress\/wp-json\/wp\/v2\/categories?post=24755"},{"taxonomy":"post_tag","embeddable":true,"href":"https:\/\/www.elpolitologoyelpolitico.com.ar\/wordpress\/wp-json\/wp\/v2\/tags?post=24755"}],"curies":[{"name":"wp","href":"https:\/\/api.w.org\/{rel}","templated":true}]}}