{"id":24750,"date":"2022-09-24T01:12:54","date_gmt":"2022-09-24T01:12:54","guid":{"rendered":"https:\/\/www.elpolitologoyelpolitico.com.ar\/wordpress\/?p=24750"},"modified":"2022-09-24T01:13:45","modified_gmt":"2022-09-24T01:13:45","slug":"quedo-inaugurada-la-oficina-del-programa-provincial-incluir-salud","status":"publish","type":"post","link":"https:\/\/www.elpolitologoyelpolitico.com.ar\/wordpress\/2022\/09\/24\/quedo-inaugurada-la-oficina-del-programa-provincial-incluir-salud\/","title":{"rendered":"Qued\u00f3 inaugurada la oficina del programa provincial \u00abIncluir Salud\u00bb"},"content":{"rendered":"\n<p>Este jueves qued\u00f3 inaugurada la oficina de Incluir Salud, en el Centro Integrador Comunitario de Carmen de Patagones.&nbsp;<\/p>\n\n\n\n<p>El acto cont\u00f3 con la presencia de la Directora de Acceso e Inclusi\u00f3n en Salud, Lourdes Far\u00edas, junto al Secretario de Desarrollo Social, Leandro Merlo Ezcurra, el Secretario de Salud, Edgardo Jalabert, la presidenta del Consejo Municipal de Discapacidad, Mar\u00eda Ciccone, y el secretario del mismo, Sebasti\u00e1n Costantino.&nbsp;<\/p>\n\n\n\n<p>Adem\u00e1s, participaron concejales del bloque Frente de Todos, el titular de Anses Patagones, Juan Ensone y representantes del Ministerio de Salud de la Provincia de Buenos Aires de Regi\u00f3n Sanitaria de Bah\u00eda Blanca.&nbsp;<\/p>\n\n\n\n<p>El nuevo espacio fortalece las pol\u00edticas de inclusi\u00f3n social y el trabajo articulado con la Provincia que lleva adelante el Intendente, Jos\u00e9 Luis Zara, en su gesti\u00f3n.&nbsp;<\/p>\n\n\n\n<p>Es importante se\u00f1alar que en pos de atender las necesidades de las personas con discapacidad, Patagones cuenta con el Consejo Municipal de Discapacidad, cuya oficina funciona en la sede de la Secretar\u00eda de Desarrollo Social, al servicio de la comunidad.<\/p>\n\n\n\n<figure class=\"wp-block-image size-full\"><img fetchpriority=\"high\" decoding=\"async\" width=\"720\" height=\"720\" src=\"https:\/\/www.elpolitologoyelpolitico.com.ar\/wp-content\/uploads\/2022\/09\/IMG-20220923-WA0036.jpg\" alt=\"\" class=\"wp-image-24752\" srcset=\"https:\/\/www.elpolitologoyelpolitico.com.ar\/wp-content\/uploads\/2022\/09\/IMG-20220923-WA0036.jpg 720w, https:\/\/www.elpolitologoyelpolitico.com.ar\/wp-content\/uploads\/2022\/09\/IMG-20220923-WA0036-300x300.jpg 300w, https:\/\/www.elpolitologoyelpolitico.com.ar\/wp-content\/uploads\/2022\/09\/IMG-20220923-WA0036-150x150.jpg 150w\" sizes=\"(max-width: 720px) 100vw, 720px\" \/><\/figure>\n<div class=\"fb-background-color\">\n\t\t\t  <div \n\t\t\t  \tclass = \"fb-comments\" \n\t\t\t  \tdata-href = \"https:\/\/www.elpolitologoyelpolitico.com.ar\/wordpress\/2022\/09\/24\/quedo-inaugurada-la-oficina-del-programa-provincial-incluir-salud\/\"\n\t\t\t  \tdata-numposts = \"10\"\n\t\t\t  \tdata-lazy = \"true\"\n\t\t\t\tdata-colorscheme = \"light\"\n\t\t\t\tdata-order-by = \"social\"\n\t\t\t\tdata-mobile=true>\n\t\t\t  <\/div><\/div>\n\t\t  <style>\n\t\t    .fb-background-color {\n\t\t\t\tbackground: #ffffff !important;\n\t\t\t}\n\t\t\t.fb_iframe_widget_fluid_desktop iframe {\n\t\t\t    width: 100% !important;\n\t\t\t}\n\t\t  <\/style>\n\t\t  ","protected":false},"excerpt":{"rendered":"<p>Este jueves qued\u00f3 inaugurada la oficina de Incluir Salud, en el Centro Integrador Comunitario de Carmen de Patagones.&nbsp; El acto cont\u00f3 con la presencia de la Directora de Acceso e Inclusi\u00f3n en Salud, Lourdes Far\u00edas, junto al Secretario de Desarrollo Social, Leandro Merlo Ezcurra, el Secretario de Salud, Edgardo Jalabert, la presidenta del Consejo Municipal [&hellip;]<\/p>\n","protected":false},"author":4,"featured_media":24751,"comment_status":"closed","ping_status":"closed","sticky":false,"template":"","format":"standard","meta":{"_joinchat":[],"footnotes":""},"categories":[39],"tags":[],"class_list":["post-24750","post","type-post","status-publish","format-standard","has-post-thumbnail","hentry","category-en-esta-seccion"],"_links":{"self":[{"href":"https:\/\/www.elpolitologoyelpolitico.com.ar\/wordpress\/wp-json\/wp\/v2\/posts\/24750","targetHints":{"allow":["GET"]}}],"collection":[{"href":"https:\/\/www.elpolitologoyelpolitico.com.ar\/wordpress\/wp-json\/wp\/v2\/posts"}],"about":[{"href":"https:\/\/www.elpolitologoyelpolitico.com.ar\/wordpress\/wp-json\/wp\/v2\/types\/post"}],"author":[{"embeddable":true,"href":"https:\/\/www.elpolitologoyelpolitico.com.ar\/wordpress\/wp-json\/wp\/v2\/users\/4"}],"replies":[{"embeddable":true,"href":"https:\/\/www.elpolitologoyelpolitico.com.ar\/wordpress\/wp-json\/wp\/v2\/comments?post=24750"}],"version-history":[{"count":0,"href":"https:\/\/www.elpolitologoyelpolitico.com.ar\/wordpress\/wp-json\/wp\/v2\/posts\/24750\/revisions"}],"wp:featuredmedia":[{"embeddable":true,"href":"https:\/\/www.elpolitologoyelpolitico.com.ar\/wordpress\/wp-json\/wp\/v2\/media\/24751"}],"wp:attachment":[{"href":"https:\/\/www.elpolitologoyelpolitico.com.ar\/wordpress\/wp-json\/wp\/v2\/media?parent=24750"}],"wp:term":[{"taxonomy":"category","embeddable":true,"href":"https:\/\/www.elpolitologoyelpolitico.com.ar\/wordpress\/wp-json\/wp\/v2\/categories?post=24750"},{"taxonomy":"post_tag","embeddable":true,"href":"https:\/\/www.elpolitologoyelpolitico.com.ar\/wordpress\/wp-json\/wp\/v2\/tags?post=24750"}],"curies":[{"name":"wp","href":"https:\/\/api.w.org\/{rel}","templated":true}]}}