{"id":24746,"date":"2022-09-24T00:12:50","date_gmt":"2022-09-24T00:12:50","guid":{"rendered":"https:\/\/www.elpolitologoyelpolitico.com.ar\/wordpress\/?p=24746"},"modified":"2022-09-24T00:13:40","modified_gmt":"2022-09-24T00:13:40","slug":"viedma-se-hace-presente-en-la-expo-turismo-comodoro-alma-patagonica-2022","status":"publish","type":"post","link":"https:\/\/www.elpolitologoyelpolitico.com.ar\/wordpress\/2022\/09\/24\/viedma-se-hace-presente-en-la-expo-turismo-comodoro-alma-patagonica-2022\/","title":{"rendered":"Viedma se hace presente en la Expo Turismo Comodoro Alma Patag\u00f3nica 2022"},"content":{"rendered":"\n<p>La nueva edici\u00f3n del evento se realizar\u00e1 los d\u00edas 23, 24 y 25 de septiembre en el Predio Ferial de Comodoro Rivadavia y la capital rionegrina estar\u00e1 presente gracias a la invitaci\u00f3n del Ministerio de Turismo y Deporte de R\u00edo Negro,&nbsp; la constante acci\u00f3n conjunta entre los representantes del ENVITUR para llevar adelante estas activaciones promocionales y la subsecretaria de turismo de la municipalidad de Viedma.&nbsp;<\/p>\n\n\n\n<p>Presentaciones de destinos, intervenciones art\u00edsticas, stands con las diferentes propuestas tur\u00edsticas para experimentar la Patagonia y el pa\u00eds, actividades recreativas y culturales; son los atractivos principales que podr\u00e1n disfrutar las familias con entrada libre y gratuita. Incluye, adem\u00e1s, Comodoro Invita, festival gastron\u00f3mico con sello propio generado por la Asociaci\u00f3n Empresaria Hotelero Gastron\u00f3mica de la Patagonia Central, cocina en vivo, stands de productores y establecimientos gastron\u00f3micos y propuestas deliciosas de la regi\u00f3n patag\u00f3nica.<\/p>\n\n\n\n<p>La Expo Turismo se inici\u00f3 en 2012 y se realiz\u00f3 de manera consecutiva durante seis a\u00f1os. La \u00faltima edici\u00f3n -previa a la pandemia- en 2019, tuvo gran \u00e9xito durante sus tres jornadas con m\u00e1s de 40 mil visitantes.<\/p>\n\n\n\n<p>Comodoro Rivadavia es una gran ciudad, que para nuestro destino Viedma, es un potencial mercado de turistas que pueden interesarse por nuestra propuesta tur\u00edstica.<\/p>\n<div class=\"fb-background-color\">\n\t\t\t  <div \n\t\t\t  \tclass = \"fb-comments\" \n\t\t\t  \tdata-href = \"https:\/\/www.elpolitologoyelpolitico.com.ar\/wordpress\/2022\/09\/24\/viedma-se-hace-presente-en-la-expo-turismo-comodoro-alma-patagonica-2022\/\"\n\t\t\t  \tdata-numposts = \"10\"\n\t\t\t  \tdata-lazy = \"true\"\n\t\t\t\tdata-colorscheme = \"light\"\n\t\t\t\tdata-order-by = \"social\"\n\t\t\t\tdata-mobile=true>\n\t\t\t  <\/div><\/div>\n\t\t  <style>\n\t\t    .fb-background-color {\n\t\t\t\tbackground: #ffffff !important;\n\t\t\t}\n\t\t\t.fb_iframe_widget_fluid_desktop iframe {\n\t\t\t    width: 100% !important;\n\t\t\t}\n\t\t  <\/style>\n\t\t  ","protected":false},"excerpt":{"rendered":"<p>La nueva edici\u00f3n del evento se realizar\u00e1 los d\u00edas 23, 24 y 25 de septiembre en el Predio Ferial de Comodoro Rivadavia y la capital rionegrina estar\u00e1 presente gracias a la invitaci\u00f3n del Ministerio de Turismo y Deporte de R\u00edo Negro,&nbsp; la constante acci\u00f3n conjunta entre los representantes del ENVITUR para llevar adelante estas activaciones [&hellip;]<\/p>\n","protected":false},"author":4,"featured_media":24747,"comment_status":"closed","ping_status":"closed","sticky":false,"template":"","format":"standard","meta":{"_joinchat":[],"footnotes":""},"categories":[39],"tags":[],"class_list":["post-24746","post","type-post","status-publish","format-standard","has-post-thumbnail","hentry","category-en-esta-seccion"],"_links":{"self":[{"href":"https:\/\/www.elpolitologoyelpolitico.com.ar\/wordpress\/wp-json\/wp\/v2\/posts\/24746","targetHints":{"allow":["GET"]}}],"collection":[{"href":"https:\/\/www.elpolitologoyelpolitico.com.ar\/wordpress\/wp-json\/wp\/v2\/posts"}],"about":[{"href":"https:\/\/www.elpolitologoyelpolitico.com.ar\/wordpress\/wp-json\/wp\/v2\/types\/post"}],"author":[{"embeddable":true,"href":"https:\/\/www.elpolitologoyelpolitico.com.ar\/wordpress\/wp-json\/wp\/v2\/users\/4"}],"replies":[{"embeddable":true,"href":"https:\/\/www.elpolitologoyelpolitico.com.ar\/wordpress\/wp-json\/wp\/v2\/comments?post=24746"}],"version-history":[{"count":0,"href":"https:\/\/www.elpolitologoyelpolitico.com.ar\/wordpress\/wp-json\/wp\/v2\/posts\/24746\/revisions"}],"wp:featuredmedia":[{"embeddable":true,"href":"https:\/\/www.elpolitologoyelpolitico.com.ar\/wordpress\/wp-json\/wp\/v2\/media\/24747"}],"wp:attachment":[{"href":"https:\/\/www.elpolitologoyelpolitico.com.ar\/wordpress\/wp-json\/wp\/v2\/media?parent=24746"}],"wp:term":[{"taxonomy":"category","embeddable":true,"href":"https:\/\/www.elpolitologoyelpolitico.com.ar\/wordpress\/wp-json\/wp\/v2\/categories?post=24746"},{"taxonomy":"post_tag","embeddable":true,"href":"https:\/\/www.elpolitologoyelpolitico.com.ar\/wordpress\/wp-json\/wp\/v2\/tags?post=24746"}],"curies":[{"name":"wp","href":"https:\/\/api.w.org\/{rel}","templated":true}]}}