{"id":24729,"date":"2022-09-23T14:06:04","date_gmt":"2022-09-23T14:06:04","guid":{"rendered":"https:\/\/www.elpolitologoyelpolitico.com.ar\/wordpress\/?p=24729"},"modified":"2022-09-23T14:06:32","modified_gmt":"2022-09-23T14:06:32","slug":"mas-obras-de-asfalto-para-la-ciudad-de-viedma","status":"publish","type":"post","link":"https:\/\/www.elpolitologoyelpolitico.com.ar\/wordpress\/2022\/09\/23\/mas-obras-de-asfalto-para-la-ciudad-de-viedma\/","title":{"rendered":"M\u00e1s obras de asfalto para la Ciudad de Viedma"},"content":{"rendered":"\n<p>El intendente Pedro Pesatti encabez\u00f3 en la ma\u00f1ana de este mi\u00e9rcoles la apertura de sobres para nuevas obras de asfalto, que se suman a las varias que ya se est\u00e1n ejecutando y otras pr\u00f3ximas a iniciarse.<\/p>\n\n\n\n<p>En esta oportunidad, los trabajos se llevar\u00e1n a cabo en varias cuadras del barrio Don Bosco con el sistema denominado \u00ab50 y 50\u00bb, que consiste en el pago adelantado por parte de los y las frentistas, de la mitad del valor, y la mitad restante en tres cuotas consecutivas una vez finalizadas las obras.<\/p>\n\n\n\n<p>Los trabajos contemplan m\u00e1s de 6 mil metros cuadrados de pavimento flexible con cord\u00f3n cuneta.<\/p>\n\n\n\n<p>A la licitaci\u00f3n se present\u00f3 la empresa Ingenier\u00eda y Arquitectura, que cotiz\u00f3 las obras en 45 millones 559 mil 549 pesos.<\/p>\n\n\n\n<p>Al respecto, el secretario de Desarrollo Territorial, H\u00e1bitat y Obras P\u00fablicas de la Municipalidad de Viedma Gast\u00f3n Renda valor\u00f3 el \u00abalto nivel de obra que se mantiene en la ciudad\u00bb, e indic\u00f3 que son alrededor de 20 los trabajos en marcha.<\/p>\n\n\n\n<figure class=\"wp-block-image size-full\"><img fetchpriority=\"high\" decoding=\"async\" width=\"720\" height=\"379\" src=\"https:\/\/www.elpolitologoyelpolitico.com.ar\/wp-content\/uploads\/2022\/09\/IMG-20220922-WA0042.jpg\" alt=\"\" class=\"wp-image-24731\" srcset=\"https:\/\/www.elpolitologoyelpolitico.com.ar\/wp-content\/uploads\/2022\/09\/IMG-20220922-WA0042.jpg 720w, https:\/\/www.elpolitologoyelpolitico.com.ar\/wp-content\/uploads\/2022\/09\/IMG-20220922-WA0042-300x158.jpg 300w\" sizes=\"(max-width: 720px) 100vw, 720px\" \/><\/figure>\n\n\n\n<p>Por su parte, el intendente Pedro Pesatti destac\u00f3 el aporte de los contribuyentes, que permite idear y ejecutar las obras que son necesarias para Viedma.<\/p>\n\n\n\n<p>\u00abSon obras muy importantes las que estamos haciendo, que permiten mejorar la calidad de vida de los vecinos y vecinas, y hacer frente de mejor manera problemas que se nos presentan como el temporal de lluvia del fin de semana\u00bb, continu\u00f3 el mandatario.<\/p>\n\n\n\n<p>En pocos d\u00edas m\u00e1s, comenzar\u00e1n los trabajos del plan integral de asfalto a partir de la toma de un cr\u00e9dito que la Municipalidad hizo con autorizaci\u00f3n del Concejo Deliberante, que incluye la colocaci\u00f3n de cerca de 41 mil metros cuadrados de asfalto flexible en calles de los barrios Los Fresnos, Santa Clara, Parque Independencia, Jard\u00edn, San Mart\u00edn y Costanera Norte.<\/p>\n\n\n\n<p>Adem\u00e1s, se avanza con fondos propios en la consolidaci\u00f3n de los \u00abnexos e integraci\u00f3n urbana\u00bb. Se trata de un programa de asfalto que incluye los ingresos a los barrios San Roque, Ina Lauquen y Los Fresnos, y la conexi\u00f3n de estas calles con las v\u00edas troncales.<\/p>\n<div class=\"fb-background-color\">\n\t\t\t  <div \n\t\t\t  \tclass = \"fb-comments\" \n\t\t\t  \tdata-href = \"https:\/\/www.elpolitologoyelpolitico.com.ar\/wordpress\/2022\/09\/23\/mas-obras-de-asfalto-para-la-ciudad-de-viedma\/\"\n\t\t\t  \tdata-numposts = \"10\"\n\t\t\t  \tdata-lazy = \"true\"\n\t\t\t\tdata-colorscheme = \"light\"\n\t\t\t\tdata-order-by = \"social\"\n\t\t\t\tdata-mobile=true>\n\t\t\t  <\/div><\/div>\n\t\t  <style>\n\t\t    .fb-background-color {\n\t\t\t\tbackground: #ffffff !important;\n\t\t\t}\n\t\t\t.fb_iframe_widget_fluid_desktop iframe {\n\t\t\t    width: 100% !important;\n\t\t\t}\n\t\t  <\/style>\n\t\t  ","protected":false},"excerpt":{"rendered":"<p>El intendente Pedro Pesatti encabez\u00f3 en la ma\u00f1ana de este mi\u00e9rcoles la apertura de sobres para nuevas obras de asfalto, que se suman a las varias que ya se est\u00e1n ejecutando y otras pr\u00f3ximas a iniciarse. En esta oportunidad, los trabajos se llevar\u00e1n a cabo en varias cuadras del barrio Don Bosco con el sistema [&hellip;]<\/p>\n","protected":false},"author":4,"featured_media":24730,"comment_status":"closed","ping_status":"closed","sticky":false,"template":"","format":"standard","meta":{"_joinchat":[],"footnotes":""},"categories":[4],"tags":[],"class_list":["post-24729","post","type-post","status-publish","format-standard","has-post-thumbnail","hentry","category-politicas-publicas"],"_links":{"self":[{"href":"https:\/\/www.elpolitologoyelpolitico.com.ar\/wordpress\/wp-json\/wp\/v2\/posts\/24729","targetHints":{"allow":["GET"]}}],"collection":[{"href":"https:\/\/www.elpolitologoyelpolitico.com.ar\/wordpress\/wp-json\/wp\/v2\/posts"}],"about":[{"href":"https:\/\/www.elpolitologoyelpolitico.com.ar\/wordpress\/wp-json\/wp\/v2\/types\/post"}],"author":[{"embeddable":true,"href":"https:\/\/www.elpolitologoyelpolitico.com.ar\/wordpress\/wp-json\/wp\/v2\/users\/4"}],"replies":[{"embeddable":true,"href":"https:\/\/www.elpolitologoyelpolitico.com.ar\/wordpress\/wp-json\/wp\/v2\/comments?post=24729"}],"version-history":[{"count":0,"href":"https:\/\/www.elpolitologoyelpolitico.com.ar\/wordpress\/wp-json\/wp\/v2\/posts\/24729\/revisions"}],"wp:featuredmedia":[{"embeddable":true,"href":"https:\/\/www.elpolitologoyelpolitico.com.ar\/wordpress\/wp-json\/wp\/v2\/media\/24730"}],"wp:attachment":[{"href":"https:\/\/www.elpolitologoyelpolitico.com.ar\/wordpress\/wp-json\/wp\/v2\/media?parent=24729"}],"wp:term":[{"taxonomy":"category","embeddable":true,"href":"https:\/\/www.elpolitologoyelpolitico.com.ar\/wordpress\/wp-json\/wp\/v2\/categories?post=24729"},{"taxonomy":"post_tag","embeddable":true,"href":"https:\/\/www.elpolitologoyelpolitico.com.ar\/wordpress\/wp-json\/wp\/v2\/tags?post=24729"}],"curies":[{"name":"wp","href":"https:\/\/api.w.org\/{rel}","templated":true}]}}