{"id":24723,"date":"2022-09-23T13:46:01","date_gmt":"2022-09-23T13:46:01","guid":{"rendered":"https:\/\/www.elpolitologoyelpolitico.com.ar\/wordpress\/?p=24723"},"modified":"2022-09-23T13:46:03","modified_gmt":"2022-09-23T13:46:03","slug":"patagones-se-puso-en-funcionamiento-el-primer-mamografo-en-el-hospital-ecay-y-lleva-el-nombre-de-marcela-galindo","status":"publish","type":"post","link":"https:\/\/www.elpolitologoyelpolitico.com.ar\/wordpress\/2022\/09\/23\/patagones-se-puso-en-funcionamiento-el-primer-mamografo-en-el-hospital-ecay-y-lleva-el-nombre-de-marcela-galindo\/","title":{"rendered":"PATAGONES: Se puso en funcionamiento el primer mam\u00f3grafo en el Hospital Ecay y lleva el nombre de Marcela Galindo\u00a0"},"content":{"rendered":"\n<p>Este mi\u00e9rcoles, el Intendente Municipal, Ing. Jos\u00e9 Luis Zara, dej\u00f3 inaugurada la sala donde funcionar\u00e1 el primer mam\u00f3grafo del Hospital Municipal \u00abDr. Pedro Ecay\u00bb.&nbsp;<\/p>\n\n\n\n<p>Estuvo acompa\u00f1ado por funcionarios, autoridades del HCD, concejales municipales y personal de salud.&nbsp;<\/p>\n\n\n\n<p>Adem\u00e1s, se hicieron presentes familiares y amigos de Marcela Galindo, quien fuera una importante referente del sector y falleci\u00f3 durante la pandemia.&nbsp;<\/p>\n\n\n\n<p>El acto de inauguraci\u00f3n fue un sentido homenaje a Galindo, con la imposici\u00f3n de su nombre al nuevo servicio.&nbsp;<\/p>\n\n\n\n<p>\u00abFue un proyecto anhelado por ella. Siempre dec\u00eda ojal\u00e1 que el sistema de salud en Patagones alg\u00fan d\u00eda pueda llegar a funcionar. La ense\u00f1anza y el aprendizaje que nos dej\u00f3, dentro de la organizaci\u00f3n y al resto de los trabajadores, creo que quedar\u00e1 recalcado en el mensaje que cada uno hoy trasmiti\u00f3\u00bb, expres\u00f3 el titular de ATE, Gustavo Paleta.<\/p>\n\n\n\n<p>Se sum\u00f3 Claudio Ar\u00e9valo,&nbsp; secretario general del gremio, quien salud\u00f3 al personal local en nombre de los trabajadores de salud de la Provincia y agradeci\u00f3 la iniciativa de las autoridades municipales para recordar a la trabajadora municipal.&nbsp;<\/p>\n\n\n\n<p>Record\u00f3 que Galindo \u00abfue una compa\u00f1era muy comprometida con la&nbsp; salud y, sobretodo, con sus compa\u00f1eros y compa\u00f1eras\u00bb.<\/p>\n\n\n\n<p>Por su parte, el Secretario de Salud, Edgardo Jalabert, expres\u00f3: \u00abMarcela Galindo el a\u00f1o pasado nos abandon\u00f3 v\u00edctima de la pandemia. Por eso esta iniciativa, hoy este servicio de mamograf\u00eda va tener el nombre de quien fuera una gran compa\u00f1era y una gran luchadora por los trabajadores de la salud\u00bb.<\/p>\n\n\n\n<p>El presidente del HCD, Julio Costantino,&nbsp; agradeci\u00f3 el acompa\u00f1amiento de la Asociaci\u00f3n Vasca de la Comarca, concejales y funcionarios.<\/p>\n\n\n\n<p>\u00abEste es el trabajo de muchos a\u00f1os. Uno de los que comenz\u00f3 fue el Dr. Marco Tr\u00edpodi, M\u00f3nica Mucha, varios de los que hoy est\u00e1n aqu\u00ed tienen mucho que ver porque esto es producto de un trabajo mancomunado que lleva mucho esfuerzo\u00bb, a\u00f1adi\u00f3.&nbsp;<\/p>\n\n\n\n<p>Profesionales que coordinar\u00e1n el servicio destacaron que \u00abhoy es un dia muy importante para la salud del Partido de Patagones. La adquisici\u00f3n de este equipamiento de mamograf\u00eda va permitir que las mujeres de todo el partido puedan realizarse un estudio \u00edntegro de una patolog\u00eda como es la patolog\u00eda mamaria\u00bb.<\/p>\n\n\n\n<p>La Coordinadora de Programas Sanitarios, Mabel Guzm\u00e1n, destac\u00f3 que \u00abante nada agradezco al Intendente, Jos\u00e9 Luis Zara, por siempre escucharnos. Tiene las manos puestas en la gesti\u00f3n y el coraz\u00f3n y el oido en el pueblo, al igual que sus funcionarios\u00bb.&nbsp;<\/p>\n\n\n\n<p>\u00abUn mam\u00f3grafo para nuestro partido significa dar accesibilidad a la salud p\u00fablica y eso es un paso gigante, con una inversi\u00f3n que no solo tiene significado monetario, sino en lo que respecta a la prevenci\u00f3n y detecci\u00f3n. Este proyecto lo iniciamos con la Secretar\u00eda de Salud, la gesti\u00f3n del Dr. Tripodi, y hace muchos a\u00f1os que lo venimos planeando y hoy es un hecho. Eso es loable\u00bb, sostuvo Guzm\u00e1n.\u00a0<\/p>\n\n\n\n<figure class=\"wp-block-image size-full\"><img fetchpriority=\"high\" decoding=\"async\" width=\"720\" height=\"524\" src=\"https:\/\/www.elpolitologoyelpolitico.com.ar\/wp-content\/uploads\/2022\/09\/IMG-20220922-WA0038.jpg\" alt=\"\" class=\"wp-image-24727\" srcset=\"https:\/\/www.elpolitologoyelpolitico.com.ar\/wp-content\/uploads\/2022\/09\/IMG-20220922-WA0038.jpg 720w, https:\/\/www.elpolitologoyelpolitico.com.ar\/wp-content\/uploads\/2022\/09\/IMG-20220922-WA0038-300x218.jpg 300w\" sizes=\"(max-width: 720px) 100vw, 720px\" \/><\/figure>\n\n\n\n<p>Finalmente, expres\u00f3: \u00abComo mujer y como trabajadora de la salud esto es un orgullo, y por otro lado, para Marcela que fue una gran luchadora como mujer, como hermana, como madre, como compa\u00f1era&nbsp; de trabajo, que hoy el servicio lleve su nombre significa el reconocimiento a ella como trabajadora, como luchadora. Personalmente esto muy emocionante y esto es para ella desde donde est\u00e9\u00bb.<\/p>\n\n\n\n<p>Florencia, hija de Marcela Galindo, la record\u00f3 como \u00abuna persona que no tenia miedo de decir lo que pensaba y que ten\u00eda en claro lo que quer\u00eda y como lo quer\u00eda. Fiel a sus convicciones y leal. Ten\u00eda una mirada muy amplia y sed de justicia constantemente. Era muy querida y no, al mismo tiempo, muchas veces no tuvo opciones, era lo que la vida le impon\u00eda. Tampoco necesit\u00f3 de riquezas para ser o intentar ser feliz, era una persona que te recordaba constantemente que estamos de paso y que hay que vivir el d\u00eda a d\u00eda. As\u00ed era ella y as\u00ed vivi\u00f3 sus \u00faltimos d\u00edas; vivi\u00f3 y disfrut\u00f3, viaj\u00f3, comi\u00f3, bebi\u00f3, se encontr\u00f3 con personas que quer\u00eda mucho, se enoj\u00f3, perdon\u00f3 un mont\u00f3n pero por sobre todo am\u00f3 e incluso a la hora de partir decidi\u00f3 como irse\u00bb.&nbsp;<\/p>\n\n\n\n<p>\u00abTrabajadora muy comprometida con la instituci\u00f3n y la comunidad, este a\u00f1o cumplir\u00eda 34 de servicio con su ingreso a los 18 a\u00f1os, como mucama, en 1988. Por ella, por su amiga, su compa\u00f1era, su colega, su hermana, la Lic. Mabel Guzm\u00e1n, por su amor por el trabajo,&nbsp; por su amor por la salud,&nbsp; es que estamos hoy aqu\u00ed\u00bb, afirm\u00f3.&nbsp;<\/p>\n\n\n\n<p>\u00abEs una posibilidad de prevenci\u00f3n para miles de mujeres o para detectar enfermedades tales como el c\u00e1ncer. Es un sue\u00f1o hecho realidad para el partido de Patagones. Marcela fue una de las impulsoras de la adquisici\u00f3n del mam\u00f3grafo y otras aparatolog\u00edas. Por eso nace desde el \u00e1rea de Programas Sanitarios, el proyecto: Un mam\u00f3grafo para Patagones, que fue entregado en 2019 por el Intendente Zara, por el Dr. Marco Tripodi, por la Lic. Mabel Guzm\u00e1n, y porque merecemos un estudio acorde, esto es dignidad, inclusi\u00f3n y salud p\u00fablica\u00bb, enfatiz\u00f3.&nbsp;<\/p>\n\n\n\n<p>El Intendente Zara,&nbsp; por su parte, afirm\u00f3 que \u00abtenemos bien en claro que queremos la mejor salud para el Partido de Patagones y siempre digo que para curar hay que prevenir y el mam\u00f3grafo es clave. Este equipo que compramos fue una parte con el Leasing del Banco Provincia y el Plan Sumar, con el equipo de salud. Para nosotros es muy importante poner en marcha esta aparatolog\u00eda que se suma al ec\u00f3grafo que pusimos en marcha hace pocos d\u00edas. Que lindo hubiera sido que Marcela est\u00e9 hoy con nosotros viendo esta realidad. Es el trabajo que ella hizo con Mabel, y el equipo de Salud. Les agradezco a todos, sin el personal de salud no hubi\u00e9ramos pasado la pandemia. S\u00e9 que hay mucho pendiente, pero les puedo asegurar que hacemos el mayor de los&nbsp; esfuerzos\u00bb.&nbsp;<\/p>\n\n\n\n<p>\u00abPonerle el nombre de Marcela a este servicio es un reconocimiento a su trabajo, para mi es un orgulloso. Felicito a todo el personal que se capacit\u00f3 para brindar un gran servicio a la comunidad. Es un logro para todo el Partido\u00bb, concluy\u00f3 el mandatario.&nbsp;<\/p>\n\n\n\n<p>A continuaci\u00f3n, previo al corte de cintas, el Padre Pedro Narambuena bendijo el nuevo espacio a trav\u00e9s de una oraci\u00f3n lit\u00fargica.<\/p>\n\n\n\n<figure class=\"wp-block-image size-full\"><img decoding=\"async\" width=\"720\" height=\"526\" src=\"https:\/\/www.elpolitologoyelpolitico.com.ar\/wp-content\/uploads\/2022\/09\/IMG-20220922-WA0037-1.jpg\" alt=\"\" class=\"wp-image-24726\" srcset=\"https:\/\/www.elpolitologoyelpolitico.com.ar\/wp-content\/uploads\/2022\/09\/IMG-20220922-WA0037-1.jpg 720w, https:\/\/www.elpolitologoyelpolitico.com.ar\/wp-content\/uploads\/2022\/09\/IMG-20220922-WA0037-1-300x219.jpg 300w\" sizes=\"(max-width: 720px) 100vw, 720px\" \/><\/figure>\n<div class=\"fb-background-color\">\n\t\t\t  <div \n\t\t\t  \tclass = \"fb-comments\" \n\t\t\t  \tdata-href = \"https:\/\/www.elpolitologoyelpolitico.com.ar\/wordpress\/2022\/09\/23\/patagones-se-puso-en-funcionamiento-el-primer-mamografo-en-el-hospital-ecay-y-lleva-el-nombre-de-marcela-galindo\/\"\n\t\t\t  \tdata-numposts = \"10\"\n\t\t\t  \tdata-lazy = \"true\"\n\t\t\t\tdata-colorscheme = \"light\"\n\t\t\t\tdata-order-by = \"social\"\n\t\t\t\tdata-mobile=true>\n\t\t\t  <\/div><\/div>\n\t\t  <style>\n\t\t    .fb-background-color {\n\t\t\t\tbackground: #ffffff !important;\n\t\t\t}\n\t\t\t.fb_iframe_widget_fluid_desktop iframe {\n\t\t\t    width: 100% !important;\n\t\t\t}\n\t\t  <\/style>\n\t\t  ","protected":false},"excerpt":{"rendered":"<p>Este mi\u00e9rcoles, el Intendente Municipal, Ing. Jos\u00e9 Luis Zara, dej\u00f3 inaugurada la sala donde funcionar\u00e1 el primer mam\u00f3grafo del Hospital Municipal \u00abDr. Pedro Ecay\u00bb.&nbsp; Estuvo acompa\u00f1ado por funcionarios, autoridades del HCD, concejales municipales y personal de salud.&nbsp; Adem\u00e1s, se hicieron presentes familiares y amigos de Marcela Galindo, quien fuera una importante referente del sector y [&hellip;]<\/p>\n","protected":false},"author":4,"featured_media":24725,"comment_status":"closed","ping_status":"closed","sticky":false,"template":"","format":"standard","meta":{"_joinchat":[],"footnotes":""},"categories":[4],"tags":[],"class_list":["post-24723","post","type-post","status-publish","format-standard","has-post-thumbnail","hentry","category-politicas-publicas"],"_links":{"self":[{"href":"https:\/\/www.elpolitologoyelpolitico.com.ar\/wordpress\/wp-json\/wp\/v2\/posts\/24723","targetHints":{"allow":["GET"]}}],"collection":[{"href":"https:\/\/www.elpolitologoyelpolitico.com.ar\/wordpress\/wp-json\/wp\/v2\/posts"}],"about":[{"href":"https:\/\/www.elpolitologoyelpolitico.com.ar\/wordpress\/wp-json\/wp\/v2\/types\/post"}],"author":[{"embeddable":true,"href":"https:\/\/www.elpolitologoyelpolitico.com.ar\/wordpress\/wp-json\/wp\/v2\/users\/4"}],"replies":[{"embeddable":true,"href":"https:\/\/www.elpolitologoyelpolitico.com.ar\/wordpress\/wp-json\/wp\/v2\/comments?post=24723"}],"version-history":[{"count":0,"href":"https:\/\/www.elpolitologoyelpolitico.com.ar\/wordpress\/wp-json\/wp\/v2\/posts\/24723\/revisions"}],"wp:featuredmedia":[{"embeddable":true,"href":"https:\/\/www.elpolitologoyelpolitico.com.ar\/wordpress\/wp-json\/wp\/v2\/media\/24725"}],"wp:attachment":[{"href":"https:\/\/www.elpolitologoyelpolitico.com.ar\/wordpress\/wp-json\/wp\/v2\/media?parent=24723"}],"wp:term":[{"taxonomy":"category","embeddable":true,"href":"https:\/\/www.elpolitologoyelpolitico.com.ar\/wordpress\/wp-json\/wp\/v2\/categories?post=24723"},{"taxonomy":"post_tag","embeddable":true,"href":"https:\/\/www.elpolitologoyelpolitico.com.ar\/wordpress\/wp-json\/wp\/v2\/tags?post=24723"}],"curies":[{"name":"wp","href":"https:\/\/api.w.org\/{rel}","templated":true}]}}