{"id":24719,"date":"2022-09-23T02:42:42","date_gmt":"2022-09-23T02:42:42","guid":{"rendered":"https:\/\/www.elpolitologoyelpolitico.com.ar\/wordpress\/?p=24719"},"modified":"2022-09-23T02:43:23","modified_gmt":"2022-09-23T02:43:23","slug":"el-fin-de-semana-se-corre-la-primera-fecha-del-campeonato-de-atletismo-infantil","status":"publish","type":"post","link":"https:\/\/www.elpolitologoyelpolitico.com.ar\/wordpress\/2022\/09\/23\/el-fin-de-semana-se-corre-la-primera-fecha-del-campeonato-de-atletismo-infantil\/","title":{"rendered":"El fin de semana se corre la primera fecha del Campeonato de Atletismo infantil"},"content":{"rendered":"\n<p>Este s\u00e1bado 24 de septiembre desde las 14 en la Pista de Atletismo Municipal, se disputar\u00e1 la primera fecha del Campeonato de Atletismo Infantil, fecha que fue reprogramada el fin de semana anterior por mal clima.<\/p>\n\n\n\n<p>Las inscripciones son libre y gratuitas para las categor\u00edas infantiles y adolescentes (de 4 a 17 a\u00f1os) y pueden realizarse a trav\u00e9s del link <a href=\"https:\/\/forms.gle\/HMnCgHi1V1LkWQiAA\">https:\/\/forms.gle\/HMnCgHi1V1LkWQiAA<\/a><\/p>\n\n\n\n<p>Para este Campeonato se disputar\u00e1n cuatro fechas, la primera ser\u00e1 este domingo 18 de septiembre, la segunda el 9 de octubre, siendo estas dos en la Pista de Atletismo Municipal.<\/p>\n\n\n\n<p>La tercera fecha se correr\u00e1 el 15 de octubre sobre calles del barrio Zatti&nbsp; y la cuarta y \u00faltima fecha se realizar\u00e1 el 13 de noviembre en el Cerro de la Caballada.<\/p>\n\n\n\n<p>Este Campeonato de Atletismo Infantil surge del inter\u00e9s de diferentes organizaciones de atletismo, es acompa\u00f1ado por el gobierno de Viedma y llevado adelante por CAVECO, la Asociaci\u00f3n Atl\u00e9tica Nelson Alba, la Agrupaci\u00f3n Atl\u00e9tica Amistad, Los Charitos y la Agrupaci\u00f3n Atl\u00e9tica Las Maras.<\/p>\n<div class=\"fb-background-color\">\n\t\t\t  <div \n\t\t\t  \tclass = \"fb-comments\" \n\t\t\t  \tdata-href = \"https:\/\/www.elpolitologoyelpolitico.com.ar\/wordpress\/2022\/09\/23\/el-fin-de-semana-se-corre-la-primera-fecha-del-campeonato-de-atletismo-infantil\/\"\n\t\t\t  \tdata-numposts = \"10\"\n\t\t\t  \tdata-lazy = \"true\"\n\t\t\t\tdata-colorscheme = \"light\"\n\t\t\t\tdata-order-by = \"social\"\n\t\t\t\tdata-mobile=true>\n\t\t\t  <\/div><\/div>\n\t\t  <style>\n\t\t    .fb-background-color {\n\t\t\t\tbackground: #ffffff !important;\n\t\t\t}\n\t\t\t.fb_iframe_widget_fluid_desktop iframe {\n\t\t\t    width: 100% !important;\n\t\t\t}\n\t\t  <\/style>\n\t\t  ","protected":false},"excerpt":{"rendered":"<p>Este s\u00e1bado 24 de septiembre desde las 14 en la Pista de Atletismo Municipal, se disputar\u00e1 la primera fecha del Campeonato de Atletismo Infantil, fecha que fue reprogramada el fin de semana anterior por mal clima. Las inscripciones son libre y gratuitas para las categor\u00edas infantiles y adolescentes (de 4 a 17 a\u00f1os) y pueden [&hellip;]<\/p>\n","protected":false},"author":4,"featured_media":24720,"comment_status":"closed","ping_status":"closed","sticky":false,"template":"","format":"standard","meta":{"_joinchat":[],"footnotes":""},"categories":[39],"tags":[],"class_list":["post-24719","post","type-post","status-publish","format-standard","has-post-thumbnail","hentry","category-en-esta-seccion"],"_links":{"self":[{"href":"https:\/\/www.elpolitologoyelpolitico.com.ar\/wordpress\/wp-json\/wp\/v2\/posts\/24719","targetHints":{"allow":["GET"]}}],"collection":[{"href":"https:\/\/www.elpolitologoyelpolitico.com.ar\/wordpress\/wp-json\/wp\/v2\/posts"}],"about":[{"href":"https:\/\/www.elpolitologoyelpolitico.com.ar\/wordpress\/wp-json\/wp\/v2\/types\/post"}],"author":[{"embeddable":true,"href":"https:\/\/www.elpolitologoyelpolitico.com.ar\/wordpress\/wp-json\/wp\/v2\/users\/4"}],"replies":[{"embeddable":true,"href":"https:\/\/www.elpolitologoyelpolitico.com.ar\/wordpress\/wp-json\/wp\/v2\/comments?post=24719"}],"version-history":[{"count":0,"href":"https:\/\/www.elpolitologoyelpolitico.com.ar\/wordpress\/wp-json\/wp\/v2\/posts\/24719\/revisions"}],"wp:featuredmedia":[{"embeddable":true,"href":"https:\/\/www.elpolitologoyelpolitico.com.ar\/wordpress\/wp-json\/wp\/v2\/media\/24720"}],"wp:attachment":[{"href":"https:\/\/www.elpolitologoyelpolitico.com.ar\/wordpress\/wp-json\/wp\/v2\/media?parent=24719"}],"wp:term":[{"taxonomy":"category","embeddable":true,"href":"https:\/\/www.elpolitologoyelpolitico.com.ar\/wordpress\/wp-json\/wp\/v2\/categories?post=24719"},{"taxonomy":"post_tag","embeddable":true,"href":"https:\/\/www.elpolitologoyelpolitico.com.ar\/wordpress\/wp-json\/wp\/v2\/tags?post=24719"}],"curies":[{"name":"wp","href":"https:\/\/api.w.org\/{rel}","templated":true}]}}