{"id":24712,"date":"2022-09-23T02:32:49","date_gmt":"2022-09-23T02:32:49","guid":{"rendered":"https:\/\/www.elpolitologoyelpolitico.com.ar\/wordpress\/?p=24712"},"modified":"2022-09-23T02:33:25","modified_gmt":"2022-09-23T02:33:25","slug":"el-intendente-zara-junto-al-gobernador-axel-kicillof-y-el-ministro-de-obras-publicas-de-nacion-gabriel-katopodis-inauguraron-la-obra-de-la-nueva-planta-de-liquidos-cloacales-de-carmen-de-patagones","status":"publish","type":"post","link":"https:\/\/www.elpolitologoyelpolitico.com.ar\/wordpress\/2022\/09\/23\/el-intendente-zara-junto-al-gobernador-axel-kicillof-y-el-ministro-de-obras-publicas-de-nacion-gabriel-katopodis-inauguraron-la-obra-de-la-nueva-planta-de-liquidos-cloacales-de-carmen-de-patagones\/","title":{"rendered":"El Intendente Zara, junto al gobernador Axel Kicillof y el Ministro de Obras P\u00fablicas de Naci\u00f3n, Gabriel Katopodis, inauguraron la obra de la nueva planta de l\u00edquidos cloacales de Carmen de Patagones"},"content":{"rendered":"\n<p>Este jueves, el Intendente Municipal, Ing. Jos\u00e9 Luis Zara, junto al gobernador de la provincia de Buenos Aires, Axel Kicillof, y el Ministro de Obras Publicas de Naci\u00f3n, Gabriel Katopodis, encabez\u00f3 el acto de inicio de la obra de traslado de la Planta Depuradora de L\u00edquidos Cloacales de Carmen de Patagones.&nbsp;<\/p>\n\n\n\n<p>Adem\u00e1s, en el mismo acto se concret\u00f3 la firma de un convenio con el Gobierno Nacional,&nbsp; para la generaci\u00f3n de 363 lotes con servicios.<\/p>\n\n\n\n<p>En la ocasi\u00f3n estuvieron presentes el Ministro de Desarrollo Social, Juan Zabaleta; el subadministrador del Ente Nacional de Obras H\u00eddricas de Saneamiento (ENOHSA), N\u00e9stor \u00c1lvarez y la secretaria municipal de Integraci\u00f3n Socio Urbana, Fernanda Mi\u00f1o.<\/p>\n\n\n\n<p>El intendente, Jos\u00e9 Luis&nbsp; Zara, destac\u00f3 \u201cel gran acompa\u00f1amiento que hemos tenido desde el Gobierno nacional y provincial, que ayuda a mejorar la calidad de vida de nuestros vecinos y vecinas\u201d.&nbsp;<\/p>\n\n\n\n<p>\u201cEstas son obras de un alto impacto que demuestran que, con un Estado presente, le brindamos m\u00e1s posibilidades a los sectores m\u00e1s vulnerables de nuestra comunidad\u201d, asegur\u00f3 el mandatario.&nbsp;<\/p>\n\n\n\n<p>Por su parte, el gobernador Kicillof expres\u00f3: \u201cEstamos llevando adelante un shock de obras p\u00fablicas que solo es posible a partir de la integraci\u00f3n y el trabajo articulado entre la Naci\u00f3n, la Provincia y los municipios\u201d.&nbsp;<\/p>\n\n\n\n<p>Del mismo modo enfatiz\u00f3: \u00abTrabajamos para el conjunto de los y las bonaerenses, con un modelo que se basa en brindar soluciones a las necesidades espec\u00edficas que tiene cada uno de los distritos que conforman la provincia de Buenos Aires\u201d.<\/p>\n\n\n\n<p>El Ministro Katopodis, en tanto, se\u00f1al\u00f3: \u201cConstruir un pa\u00eds con m\u00e1s di\u00e1logo tiene como expresi\u00f3n concreta que hoy estemos iniciando esta nueva Planta de Tratamiento en Carmen de Patagones. Todos los d\u00edas hay un Estado Nacional y un Gobernador que trabaja para que a esta ciudad le vaya mejor\u201d.&nbsp;<\/p>\n\n\n\n<p>Asimismo, valor\u00f3 que \u00abesta Planta le cambiar\u00e1 la calidad de vida a toda la comunidad y forma parte de las 11 que haremos en la Provincia de Buenos Aires. Una Argentina de pie implica tambi\u00e9n llegar con agua y cloaca para que estas ciudades puedan proyectarse\u201d.<\/p>\n\n\n\n<p>Cabe se\u00f1alar que la nueva planta depuradora conlleva una inversi\u00f3n de&nbsp; m\u00e1s de mil millones de pesos y se realizar\u00e1 a trav\u00e9s del Ente Nacional de Obras H\u00eddricas y Saneamiento -ENOHSA-. Duplicar\u00e1 la capacidad de tratamiento actual y cubrir la demanda proyectada hasta 2043.&nbsp;<\/p>\n\n\n\n<p>Ya se acondicion\u00f3 el predio y se prev\u00e9 la construcci\u00f3n de una unidad con capacidad para tratar una carga de efluentes de 310 metros c\u00fabicos por hora; la colocaci\u00f3n de una ca\u00f1er\u00eda de impulsi\u00f3n y la instalaci\u00f3n de lagunas aireadas y de sedimentaci\u00f3n para la decantaci\u00f3n de barros.<\/p>\n\n\n\n<p>En el mismo acto se firm\u00f3 el convenio que establece el otorgamiento de 631 millones de pesos para la creaci\u00f3n de 363 lotes con servicios en un total de 18 manzanas, en el marco del programa nacional Lote.AR, cuya inversi\u00f3n proviene del Fondo de Integraci\u00f3n Socio Urbana (FISU), compuesto en parte por el Aporte de las Grandes Fortunas, y beneficiar\u00e1 a 360 familias del distrito.&nbsp;<\/p>\n\n\n\n<p>Se prev\u00e9, adem\u00e1s, la generaci\u00f3n de 300 puestos de empleo para la realizaci\u00f3n de obras de alumbrado p\u00fablico y la red vial y peatonal, pluvial, de agua, cloacas y electricidad.<\/p>\n\n\n\n<p>&nbsp;\u201cSabemos de las urgencias que tienen las familias que viven en situaci\u00f3n de mayor vulnerabilidad, por eso trabajamos para llegar lo m\u00e1s r\u00e1pido posible y, con un Estado presente, brindar soluciones a los que menos tienen\u201d, sostuvo tras la firma la secretaria municipal de Integraci\u00f3n Socio Urbana, Fernanda Mi\u00f1o.&nbsp;<\/p>\n\n\n\n<p>Luego del acto, la comitiva se traslad\u00f3 al Museo Hist\u00f3rico Regional \u00abEmma Nozzi\u00bb, donde el Director, Leonardo Dam acompa\u00f1\u00f3 el recorrido por el archivo fotogr\u00e1fico, la biblioteca y la sala de atenci\u00f3n a investigadores e hizo referencia a la historia de Patagones, valorando especialmente el Combate del 7 de Marzo de 1827.&nbsp;<\/p>\n\n\n\n<p>\u201cEste museo hist\u00f3rico del Banco Provincia hab\u00eda sido cerrado por la gesti\u00f3n anterior, lo dotamos del personal que necesitaba y hoy abre nuevamente sus puertas para la comunidad\u201d, expres\u00f3 el gobernador Kicillof luego de la visita.<\/p>\n\n\n\n<figure class=\"wp-block-gallery has-nested-images columns-default is-cropped wp-block-gallery-1 is-layout-flex wp-block-gallery-is-layout-flex\">\n<figure class=\"wp-block-image size-large\"><img fetchpriority=\"high\" decoding=\"async\" width=\"720\" height=\"400\" data-id=\"24714\" src=\"https:\/\/www.elpolitologoyelpolitico.com.ar\/wp-content\/uploads\/2022\/09\/IMG-20220922-WA0064.jpg\" alt=\"\" class=\"wp-image-24714\" srcset=\"https:\/\/www.elpolitologoyelpolitico.com.ar\/wp-content\/uploads\/2022\/09\/IMG-20220922-WA0064.jpg 720w, https:\/\/www.elpolitologoyelpolitico.com.ar\/wp-content\/uploads\/2022\/09\/IMG-20220922-WA0064-300x167.jpg 300w\" sizes=\"(max-width: 720px) 100vw, 720px\" \/><\/figure>\n\n\n\n<figure class=\"wp-block-image size-large\"><img decoding=\"async\" width=\"720\" height=\"391\" data-id=\"24715\" src=\"https:\/\/www.elpolitologoyelpolitico.com.ar\/wp-content\/uploads\/2022\/09\/IMG-20220922-WA0065.jpg\" alt=\"\" class=\"wp-image-24715\" srcset=\"https:\/\/www.elpolitologoyelpolitico.com.ar\/wp-content\/uploads\/2022\/09\/IMG-20220922-WA0065.jpg 720w, https:\/\/www.elpolitologoyelpolitico.com.ar\/wp-content\/uploads\/2022\/09\/IMG-20220922-WA0065-300x163.jpg 300w\" sizes=\"(max-width: 720px) 100vw, 720px\" \/><\/figure>\n\n\n\n<figure class=\"wp-block-image size-large\"><img decoding=\"async\" width=\"720\" height=\"483\" data-id=\"24716\" src=\"https:\/\/www.elpolitologoyelpolitico.com.ar\/wp-content\/uploads\/2022\/09\/IMG-20220922-WA0063.jpg\" alt=\"\" class=\"wp-image-24716\" srcset=\"https:\/\/www.elpolitologoyelpolitico.com.ar\/wp-content\/uploads\/2022\/09\/IMG-20220922-WA0063.jpg 720w, https:\/\/www.elpolitologoyelpolitico.com.ar\/wp-content\/uploads\/2022\/09\/IMG-20220922-WA0063-300x201.jpg 300w\" sizes=\"(max-width: 720px) 100vw, 720px\" \/><\/figure>\n<\/figure>\n<div class=\"fb-background-color\">\n\t\t\t  <div \n\t\t\t  \tclass = \"fb-comments\" \n\t\t\t  \tdata-href = \"https:\/\/www.elpolitologoyelpolitico.com.ar\/wordpress\/2022\/09\/23\/el-intendente-zara-junto-al-gobernador-axel-kicillof-y-el-ministro-de-obras-publicas-de-nacion-gabriel-katopodis-inauguraron-la-obra-de-la-nueva-planta-de-liquidos-cloacales-de-carmen-de-patagones\/\"\n\t\t\t  \tdata-numposts = \"10\"\n\t\t\t  \tdata-lazy = \"true\"\n\t\t\t\tdata-colorscheme = \"light\"\n\t\t\t\tdata-order-by = \"social\"\n\t\t\t\tdata-mobile=true>\n\t\t\t  <\/div><\/div>\n\t\t  <style>\n\t\t    .fb-background-color {\n\t\t\t\tbackground: #ffffff !important;\n\t\t\t}\n\t\t\t.fb_iframe_widget_fluid_desktop iframe {\n\t\t\t    width: 100% !important;\n\t\t\t}\n\t\t  <\/style>\n\t\t  ","protected":false},"excerpt":{"rendered":"<p>Este jueves, el Intendente Municipal, Ing. Jos\u00e9 Luis Zara, junto al gobernador de la provincia de Buenos Aires, Axel Kicillof, y el Ministro de Obras Publicas de Naci\u00f3n, Gabriel Katopodis, encabez\u00f3 el acto de inicio de la obra de traslado de la Planta Depuradora de L\u00edquidos Cloacales de Carmen de Patagones.&nbsp; Adem\u00e1s, en el mismo [&hellip;]<\/p>\n","protected":false},"author":4,"featured_media":24713,"comment_status":"closed","ping_status":"closed","sticky":false,"template":"","format":"standard","meta":{"_joinchat":[],"footnotes":""},"categories":[39],"tags":[],"class_list":["post-24712","post","type-post","status-publish","format-standard","has-post-thumbnail","hentry","category-en-esta-seccion"],"_links":{"self":[{"href":"https:\/\/www.elpolitologoyelpolitico.com.ar\/wordpress\/wp-json\/wp\/v2\/posts\/24712","targetHints":{"allow":["GET"]}}],"collection":[{"href":"https:\/\/www.elpolitologoyelpolitico.com.ar\/wordpress\/wp-json\/wp\/v2\/posts"}],"about":[{"href":"https:\/\/www.elpolitologoyelpolitico.com.ar\/wordpress\/wp-json\/wp\/v2\/types\/post"}],"author":[{"embeddable":true,"href":"https:\/\/www.elpolitologoyelpolitico.com.ar\/wordpress\/wp-json\/wp\/v2\/users\/4"}],"replies":[{"embeddable":true,"href":"https:\/\/www.elpolitologoyelpolitico.com.ar\/wordpress\/wp-json\/wp\/v2\/comments?post=24712"}],"version-history":[{"count":0,"href":"https:\/\/www.elpolitologoyelpolitico.com.ar\/wordpress\/wp-json\/wp\/v2\/posts\/24712\/revisions"}],"wp:featuredmedia":[{"embeddable":true,"href":"https:\/\/www.elpolitologoyelpolitico.com.ar\/wordpress\/wp-json\/wp\/v2\/media\/24713"}],"wp:attachment":[{"href":"https:\/\/www.elpolitologoyelpolitico.com.ar\/wordpress\/wp-json\/wp\/v2\/media?parent=24712"}],"wp:term":[{"taxonomy":"category","embeddable":true,"href":"https:\/\/www.elpolitologoyelpolitico.com.ar\/wordpress\/wp-json\/wp\/v2\/categories?post=24712"},{"taxonomy":"post_tag","embeddable":true,"href":"https:\/\/www.elpolitologoyelpolitico.com.ar\/wordpress\/wp-json\/wp\/v2\/tags?post=24712"}],"curies":[{"name":"wp","href":"https:\/\/api.w.org\/{rel}","templated":true}]}}