{"id":24708,"date":"2022-09-23T01:41:58","date_gmt":"2022-09-23T01:41:58","guid":{"rendered":"https:\/\/www.elpolitologoyelpolitico.com.ar\/wordpress\/?p=24708"},"modified":"2022-09-23T01:43:19","modified_gmt":"2022-09-23T01:43:19","slug":"se-licitaran-171-nuevas-viviendas-para-rio-negro","status":"publish","type":"post","link":"https:\/\/www.elpolitologoyelpolitico.com.ar\/wordpress\/2022\/09\/23\/se-licitaran-171-nuevas-viviendas-para-rio-negro\/","title":{"rendered":"Se licitar\u00e1n 171 nuevas viviendas para R\u00edo Negro"},"content":{"rendered":"\n<p>El Instituto de Planificaci\u00f3n y Promoci\u00f3n de la Vivienda (IPPV) inform\u00f3 que se van a licitar 171 viviendas para familias de cinco localidades, en el marco del programa federal Casa Propia\u2013Construir Futuro.<\/p>\n\n\n\n<p>Se trata de 30 unidades para Sierra Grande, igual n\u00famero para Luis Beltr\u00e1n y Darwin, 36 para R\u00edo Colorado y 45 para Dina Huapi. Esto se confirm\u00f3 luego de aprobarse la No Objeci\u00f3n T\u00e9cnica para la licitaci\u00f3n de los cinco planes.<\/p>\n\n\n\n<p>La reducci\u00f3n de los grupos de viviendas est\u00e1 orientada a lograr mayor participaci\u00f3n de empresas, considerando que las condiciones son menores.<\/p>\n\n\n\n<p>Los plazos de duraci\u00f3n de las obras ser\u00e1n de 12 meses para Sierra Grande y de ocho para el resto de las localidades.<\/p>\n\n\n\n<p>&nbsp;Estas licitaciones se suman a las que se realizaron en julio y agosto de este a\u00f1o, con 349 viviendas para Cipolletti, 185 para Viedma, 40 para General Roca, 35 para Villa Regina, 40 destinadas a Choele Choel y 44 a San Antonio Oeste. Hay que mencionar que en esa oportunidad quedaron desiertas las licitaciones para 10 viviendas en Viedma y 65 en Roca.<\/p>\n\n\n\n<p>En total se licitaron hasta el momento 864 viviendas destinadas a familias rionegrinas.&nbsp;<\/p>\n\n\n\n<p>De esta forma, el Gobierno rionegrino contin\u00faa avanzando en garantizar el derecho a tener una vivienda propia y digna para vivir, lo que brinda una oportunidad a las familias de obtener la posesi\u00f3n de su tierra y de su casa.<\/p>\n\n\n\n<p>Estas obras forman parte de las acciones implementadas con financiamiento y la asistencia del Estado Nacional a trav\u00e9s de la Secretar\u00eda de H\u00e1bitat del Ministerio de Desarrollo Territorial y H\u00e1bitat de la Naci\u00f3n.<\/p>\n<div class=\"fb-background-color\">\n\t\t\t  <div \n\t\t\t  \tclass = \"fb-comments\" \n\t\t\t  \tdata-href = \"https:\/\/www.elpolitologoyelpolitico.com.ar\/wordpress\/2022\/09\/23\/se-licitaran-171-nuevas-viviendas-para-rio-negro\/\"\n\t\t\t  \tdata-numposts = \"10\"\n\t\t\t  \tdata-lazy = \"true\"\n\t\t\t\tdata-colorscheme = \"light\"\n\t\t\t\tdata-order-by = \"social\"\n\t\t\t\tdata-mobile=true>\n\t\t\t  <\/div><\/div>\n\t\t  <style>\n\t\t    .fb-background-color {\n\t\t\t\tbackground: #ffffff !important;\n\t\t\t}\n\t\t\t.fb_iframe_widget_fluid_desktop iframe {\n\t\t\t    width: 100% !important;\n\t\t\t}\n\t\t  <\/style>\n\t\t  ","protected":false},"excerpt":{"rendered":"<p>El Instituto de Planificaci\u00f3n y Promoci\u00f3n de la Vivienda (IPPV) inform\u00f3 que se van a licitar 171 viviendas para familias de cinco localidades, en el marco del programa federal Casa Propia\u2013Construir Futuro. Se trata de 30 unidades para Sierra Grande, igual n\u00famero para Luis Beltr\u00e1n y Darwin, 36 para R\u00edo Colorado y 45 para Dina [&hellip;]<\/p>\n","protected":false},"author":4,"featured_media":24709,"comment_status":"closed","ping_status":"closed","sticky":false,"template":"","format":"standard","meta":{"_joinchat":[],"footnotes":""},"categories":[4],"tags":[],"class_list":["post-24708","post","type-post","status-publish","format-standard","has-post-thumbnail","hentry","category-politicas-publicas"],"_links":{"self":[{"href":"https:\/\/www.elpolitologoyelpolitico.com.ar\/wordpress\/wp-json\/wp\/v2\/posts\/24708","targetHints":{"allow":["GET"]}}],"collection":[{"href":"https:\/\/www.elpolitologoyelpolitico.com.ar\/wordpress\/wp-json\/wp\/v2\/posts"}],"about":[{"href":"https:\/\/www.elpolitologoyelpolitico.com.ar\/wordpress\/wp-json\/wp\/v2\/types\/post"}],"author":[{"embeddable":true,"href":"https:\/\/www.elpolitologoyelpolitico.com.ar\/wordpress\/wp-json\/wp\/v2\/users\/4"}],"replies":[{"embeddable":true,"href":"https:\/\/www.elpolitologoyelpolitico.com.ar\/wordpress\/wp-json\/wp\/v2\/comments?post=24708"}],"version-history":[{"count":0,"href":"https:\/\/www.elpolitologoyelpolitico.com.ar\/wordpress\/wp-json\/wp\/v2\/posts\/24708\/revisions"}],"wp:featuredmedia":[{"embeddable":true,"href":"https:\/\/www.elpolitologoyelpolitico.com.ar\/wordpress\/wp-json\/wp\/v2\/media\/24709"}],"wp:attachment":[{"href":"https:\/\/www.elpolitologoyelpolitico.com.ar\/wordpress\/wp-json\/wp\/v2\/media?parent=24708"}],"wp:term":[{"taxonomy":"category","embeddable":true,"href":"https:\/\/www.elpolitologoyelpolitico.com.ar\/wordpress\/wp-json\/wp\/v2\/categories?post=24708"},{"taxonomy":"post_tag","embeddable":true,"href":"https:\/\/www.elpolitologoyelpolitico.com.ar\/wordpress\/wp-json\/wp\/v2\/tags?post=24708"}],"curies":[{"name":"wp","href":"https:\/\/api.w.org\/{rel}","templated":true}]}}