{"id":24701,"date":"2022-09-23T01:27:24","date_gmt":"2022-09-23T01:27:24","guid":{"rendered":"https:\/\/www.elpolitologoyelpolitico.com.ar\/wordpress\/?p=24701"},"modified":"2022-09-23T01:29:06","modified_gmt":"2022-09-23T01:29:06","slug":"se-viene-la-fiesta-del-estudiante-en-el-parque-jorge-ferreira","status":"publish","type":"post","link":"https:\/\/www.elpolitologoyelpolitico.com.ar\/wordpress\/2022\/09\/23\/se-viene-la-fiesta-del-estudiante-en-el-parque-jorge-ferreira\/","title":{"rendered":"Se viene la Fiesta del Estudiante en el Parque Jorge Ferreira"},"content":{"rendered":"\n<p>Con m\u00faltiples propuestas recreativas este s\u00e1bado 24 de septiembre, desde las 15 se llevar\u00e1n adelante los festejos por el d\u00eda del estudiante en el Parque Jorge Ferreira.<\/p>\n\n\n\n<p>Los festejos son organizados por la Loter\u00eda de R\u00edo Negro, con la colaboraci\u00f3n del Gobierno de Viedma y el Ministerio de Turismo y Deporte de la provincia.<\/p>\n\n\n\n<p>En cuanto a las actividades deportivas, en el play\u00f3n de b\u00e1squet desde las 15hs habr\u00e1 torneos de 3\u00d73,a las 16hs torneo de triples y desde las 17hs juego libre<\/p>\n\n\n\n<p>En el caj\u00f3n de arena se jugar\u00e1n torneos de voley, f\u00fatbol, competencia de metegol humano inflable, torneo de penales y de saques de voley.<\/p>\n\n\n\n<p>Adem\u00e1s habr\u00e1 escenario con bandas en vivo, m\u00fasica y animaci\u00f3n de la mano de Carlitos Godoy.<\/p>\n\n\n\n<p>Durante la jornada adem\u00e1s se realizar\u00e1 una exhibici\u00f3n de calistenia, habr\u00e1 juegos de mesa, ping pong, catapultas.<\/p>\n\n\n\n<figure class=\"wp-block-gallery has-nested-images columns-default is-cropped wp-block-gallery-1 is-layout-flex wp-block-gallery-is-layout-flex\">\n<figure class=\"wp-block-image size-large\"><img fetchpriority=\"high\" decoding=\"async\" width=\"547\" height=\"547\" data-id=\"24703\" src=\"https:\/\/www.elpolitologoyelpolitico.com.ar\/wp-content\/uploads\/2022\/09\/IMG-20220922-WA0035.jpg\" alt=\"\" class=\"wp-image-24703\" srcset=\"https:\/\/www.elpolitologoyelpolitico.com.ar\/wp-content\/uploads\/2022\/09\/IMG-20220922-WA0035.jpg 547w, https:\/\/www.elpolitologoyelpolitico.com.ar\/wp-content\/uploads\/2022\/09\/IMG-20220922-WA0035-300x300.jpg 300w, https:\/\/www.elpolitologoyelpolitico.com.ar\/wp-content\/uploads\/2022\/09\/IMG-20220922-WA0035-150x150.jpg 150w\" sizes=\"(max-width: 547px) 100vw, 547px\" \/><\/figure>\n\n\n\n<figure class=\"wp-block-image size-large\"><img decoding=\"async\" width=\"547\" height=\"547\" data-id=\"24704\" src=\"https:\/\/www.elpolitologoyelpolitico.com.ar\/wp-content\/uploads\/2022\/09\/IMG-20220922-WA0033.jpg\" alt=\"\" class=\"wp-image-24704\" srcset=\"https:\/\/www.elpolitologoyelpolitico.com.ar\/wp-content\/uploads\/2022\/09\/IMG-20220922-WA0033.jpg 547w, https:\/\/www.elpolitologoyelpolitico.com.ar\/wp-content\/uploads\/2022\/09\/IMG-20220922-WA0033-300x300.jpg 300w, https:\/\/www.elpolitologoyelpolitico.com.ar\/wp-content\/uploads\/2022\/09\/IMG-20220922-WA0033-150x150.jpg 150w\" sizes=\"(max-width: 547px) 100vw, 547px\" \/><\/figure>\n\n\n\n<figure class=\"wp-block-image size-large\"><img decoding=\"async\" width=\"547\" height=\"547\" data-id=\"24705\" src=\"https:\/\/www.elpolitologoyelpolitico.com.ar\/wp-content\/uploads\/2022\/09\/IMG-20220922-WA0034.jpg\" alt=\"\" class=\"wp-image-24705\" srcset=\"https:\/\/www.elpolitologoyelpolitico.com.ar\/wp-content\/uploads\/2022\/09\/IMG-20220922-WA0034.jpg 547w, https:\/\/www.elpolitologoyelpolitico.com.ar\/wp-content\/uploads\/2022\/09\/IMG-20220922-WA0034-300x300.jpg 300w, https:\/\/www.elpolitologoyelpolitico.com.ar\/wp-content\/uploads\/2022\/09\/IMG-20220922-WA0034-150x150.jpg 150w\" sizes=\"(max-width: 547px) 100vw, 547px\" \/><\/figure>\n<\/figure>\n<div class=\"fb-background-color\">\n\t\t\t  <div \n\t\t\t  \tclass = \"fb-comments\" \n\t\t\t  \tdata-href = \"https:\/\/www.elpolitologoyelpolitico.com.ar\/wordpress\/2022\/09\/23\/se-viene-la-fiesta-del-estudiante-en-el-parque-jorge-ferreira\/\"\n\t\t\t  \tdata-numposts = \"10\"\n\t\t\t  \tdata-lazy = \"true\"\n\t\t\t\tdata-colorscheme = \"light\"\n\t\t\t\tdata-order-by = \"social\"\n\t\t\t\tdata-mobile=true>\n\t\t\t  <\/div><\/div>\n\t\t  <style>\n\t\t    .fb-background-color {\n\t\t\t\tbackground: #ffffff !important;\n\t\t\t}\n\t\t\t.fb_iframe_widget_fluid_desktop iframe {\n\t\t\t    width: 100% !important;\n\t\t\t}\n\t\t  <\/style>\n\t\t  ","protected":false},"excerpt":{"rendered":"<p>Con m\u00faltiples propuestas recreativas este s\u00e1bado 24 de septiembre, desde las 15 se llevar\u00e1n adelante los festejos por el d\u00eda del estudiante en el Parque Jorge Ferreira. Los festejos son organizados por la Loter\u00eda de R\u00edo Negro, con la colaboraci\u00f3n del Gobierno de Viedma y el Ministerio de Turismo y Deporte de la provincia. En [&hellip;]<\/p>\n","protected":false},"author":4,"featured_media":24702,"comment_status":"closed","ping_status":"closed","sticky":false,"template":"","format":"standard","meta":{"_joinchat":[],"footnotes":""},"categories":[39],"tags":[],"class_list":["post-24701","post","type-post","status-publish","format-standard","has-post-thumbnail","hentry","category-en-esta-seccion"],"_links":{"self":[{"href":"https:\/\/www.elpolitologoyelpolitico.com.ar\/wordpress\/wp-json\/wp\/v2\/posts\/24701","targetHints":{"allow":["GET"]}}],"collection":[{"href":"https:\/\/www.elpolitologoyelpolitico.com.ar\/wordpress\/wp-json\/wp\/v2\/posts"}],"about":[{"href":"https:\/\/www.elpolitologoyelpolitico.com.ar\/wordpress\/wp-json\/wp\/v2\/types\/post"}],"author":[{"embeddable":true,"href":"https:\/\/www.elpolitologoyelpolitico.com.ar\/wordpress\/wp-json\/wp\/v2\/users\/4"}],"replies":[{"embeddable":true,"href":"https:\/\/www.elpolitologoyelpolitico.com.ar\/wordpress\/wp-json\/wp\/v2\/comments?post=24701"}],"version-history":[{"count":0,"href":"https:\/\/www.elpolitologoyelpolitico.com.ar\/wordpress\/wp-json\/wp\/v2\/posts\/24701\/revisions"}],"wp:featuredmedia":[{"embeddable":true,"href":"https:\/\/www.elpolitologoyelpolitico.com.ar\/wordpress\/wp-json\/wp\/v2\/media\/24702"}],"wp:attachment":[{"href":"https:\/\/www.elpolitologoyelpolitico.com.ar\/wordpress\/wp-json\/wp\/v2\/media?parent=24701"}],"wp:term":[{"taxonomy":"category","embeddable":true,"href":"https:\/\/www.elpolitologoyelpolitico.com.ar\/wordpress\/wp-json\/wp\/v2\/categories?post=24701"},{"taxonomy":"post_tag","embeddable":true,"href":"https:\/\/www.elpolitologoyelpolitico.com.ar\/wordpress\/wp-json\/wp\/v2\/tags?post=24701"}],"curies":[{"name":"wp","href":"https:\/\/api.w.org\/{rel}","templated":true}]}}