{"id":24697,"date":"2022-09-22T21:34:42","date_gmt":"2022-09-22T21:34:42","guid":{"rendered":"https:\/\/www.elpolitologoyelpolitico.com.ar\/wordpress\/?p=24697"},"modified":"2022-09-22T21:36:30","modified_gmt":"2022-09-22T21:36:30","slug":"por-los-festejos-del-dia-de-la-primavera-se-realizaran-controles-de-alcoholemia","status":"publish","type":"post","link":"https:\/\/www.elpolitologoyelpolitico.com.ar\/wordpress\/2022\/09\/22\/por-los-festejos-del-dia-de-la-primavera-se-realizaran-controles-de-alcoholemia\/","title":{"rendered":"Por los festejos del D\u00eda de la Primavera, se realizar\u00e1n controles de alcoholemia"},"content":{"rendered":"\n<p>La Direcci\u00f3n de Tr\u00e1nsito informa a la comunidad que, con motivo de los festejos del D\u00eda de la Primavera, el pr\u00f3ximo fin de semana, viernes 23 y s\u00e1bado 24 y domingo 25, realizar\u00e1 exahustivos controles de alcoholemia a los conductores.&nbsp;<\/p>\n\n\n\n<p>Se reforzar\u00e1n los mismos en Carmen de Patagones y Bah\u00eda San Blas.&nbsp;<\/p>\n\n\n\n<p>Adem\u00e1s, recuerda y recomienda que quienes consuman alcohol eviten conducir.<\/p>\n<div class=\"fb-background-color\">\n\t\t\t  <div \n\t\t\t  \tclass = \"fb-comments\" \n\t\t\t  \tdata-href = \"https:\/\/www.elpolitologoyelpolitico.com.ar\/wordpress\/2022\/09\/22\/por-los-festejos-del-dia-de-la-primavera-se-realizaran-controles-de-alcoholemia\/\"\n\t\t\t  \tdata-numposts = \"10\"\n\t\t\t  \tdata-lazy = \"true\"\n\t\t\t\tdata-colorscheme = \"light\"\n\t\t\t\tdata-order-by = \"social\"\n\t\t\t\tdata-mobile=true>\n\t\t\t  <\/div><\/div>\n\t\t  <style>\n\t\t    .fb-background-color {\n\t\t\t\tbackground: #ffffff !important;\n\t\t\t}\n\t\t\t.fb_iframe_widget_fluid_desktop iframe {\n\t\t\t    width: 100% !important;\n\t\t\t}\n\t\t  <\/style>\n\t\t  ","protected":false},"excerpt":{"rendered":"<p>La Direcci\u00f3n de Tr\u00e1nsito informa a la comunidad que, con motivo de los festejos del D\u00eda de la Primavera, el pr\u00f3ximo fin de semana, viernes 23 y s\u00e1bado 24 y domingo 25, realizar\u00e1 exahustivos controles de alcoholemia a los conductores.&nbsp; Se reforzar\u00e1n los mismos en Carmen de Patagones y Bah\u00eda San Blas.&nbsp; Adem\u00e1s, recuerda y [&hellip;]<\/p>\n","protected":false},"author":4,"featured_media":24698,"comment_status":"closed","ping_status":"closed","sticky":false,"template":"","format":"standard","meta":{"_joinchat":[],"footnotes":""},"categories":[39],"tags":[],"class_list":["post-24697","post","type-post","status-publish","format-standard","has-post-thumbnail","hentry","category-en-esta-seccion"],"_links":{"self":[{"href":"https:\/\/www.elpolitologoyelpolitico.com.ar\/wordpress\/wp-json\/wp\/v2\/posts\/24697","targetHints":{"allow":["GET"]}}],"collection":[{"href":"https:\/\/www.elpolitologoyelpolitico.com.ar\/wordpress\/wp-json\/wp\/v2\/posts"}],"about":[{"href":"https:\/\/www.elpolitologoyelpolitico.com.ar\/wordpress\/wp-json\/wp\/v2\/types\/post"}],"author":[{"embeddable":true,"href":"https:\/\/www.elpolitologoyelpolitico.com.ar\/wordpress\/wp-json\/wp\/v2\/users\/4"}],"replies":[{"embeddable":true,"href":"https:\/\/www.elpolitologoyelpolitico.com.ar\/wordpress\/wp-json\/wp\/v2\/comments?post=24697"}],"version-history":[{"count":0,"href":"https:\/\/www.elpolitologoyelpolitico.com.ar\/wordpress\/wp-json\/wp\/v2\/posts\/24697\/revisions"}],"wp:featuredmedia":[{"embeddable":true,"href":"https:\/\/www.elpolitologoyelpolitico.com.ar\/wordpress\/wp-json\/wp\/v2\/media\/24698"}],"wp:attachment":[{"href":"https:\/\/www.elpolitologoyelpolitico.com.ar\/wordpress\/wp-json\/wp\/v2\/media?parent=24697"}],"wp:term":[{"taxonomy":"category","embeddable":true,"href":"https:\/\/www.elpolitologoyelpolitico.com.ar\/wordpress\/wp-json\/wp\/v2\/categories?post=24697"},{"taxonomy":"post_tag","embeddable":true,"href":"https:\/\/www.elpolitologoyelpolitico.com.ar\/wordpress\/wp-json\/wp\/v2\/tags?post=24697"}],"curies":[{"name":"wp","href":"https:\/\/api.w.org\/{rel}","templated":true}]}}