{"id":24691,"date":"2022-09-22T21:21:10","date_gmt":"2022-09-22T21:21:10","guid":{"rendered":"https:\/\/www.elpolitologoyelpolitico.com.ar\/wordpress\/?p=24691"},"modified":"2022-09-22T21:21:59","modified_gmt":"2022-09-22T21:21:59","slug":"extensa-sesion-del-honorable-concejo-deliberante-de-patagones","status":"publish","type":"post","link":"https:\/\/www.elpolitologoyelpolitico.com.ar\/wordpress\/2022\/09\/22\/extensa-sesion-del-honorable-concejo-deliberante-de-patagones\/","title":{"rendered":"Extensa Sesi\u00f3n del Honorable Concejo Deliberante de Patagones"},"content":{"rendered":"\n<p><strong>ESPACIO PARA HOMENAJES<\/strong><\/p>\n\n\n\n<p>El Presidente del HCD Julio Costantino, dio la bienvenida a todos los presentes y salud\u00f3 al fot\u00f3grafo del HCD, Horacio Valderrama, en el d\u00eda del fot\u00f3grafo.<\/p>\n\n\n\n<p>La Concejal Noem\u00ed C\u00f3rdoba, mencion\u00f3 que 16 de septiembre del 76, ocurri\u00f3 uno de los hechos m\u00e1s tr\u00e1gicos de nuestra historia, \u201cLa Noche de los Lapice\u201d un reclamo del boleto estudiantil, que termin\u00f3 con la desaparici\u00f3n de estudiantes. Secuestrados, torturados en contexto de dictadura militar.&nbsp; En 1998 se sanciona la ley que conmemora cada 16 de septiembre, el d\u00eda de los derechos de los estudiantes secundarios. Estos j\u00f3venes pelearon por sus derechos, no se callaron y con su lucha expresan que los l\u00e1pices siguen escribiendo. La Concejal repudi\u00f3 un hecho vand\u00e1lico que ocurri\u00f3 el 18 del corriente en Quilmes, donde se atent\u00f3 contra un mural recordatorio de la noche de los l\u00e1pices. Tambi\u00e9n saludo a todos los estudiantes en su d\u00eda. Mencion\u00f3 el 21 de septiembre d\u00eda Mundial de la Paz, fecha establecida por la asamblea de las Naciones Unidas con el prop\u00f3sito de fomentar la paz en cada pueblo.<\/p>\n\n\n\n<p>La Concejal Mar\u00eda Dolores Patan\u00e8, record\u00f3 que hoy es un d\u00eda importante para las mujeres del Patagones, ya que el proyecto so\u00f1ado en el 2018 hoy se transforma en realidad, la inauguraci\u00f3n de un mam\u00f2grafo, para la detecci\u00f3n temprana del c\u00e1ncer de mama. Un proyecto presentado por el equipo de salud, encabezado por el Doctor Marco Tr\u00edpodi. Estamos a pocos d\u00edas del mes de octubre, mes de visibilizar&nbsp; la lucha contra el c\u00e1ncer de mama. Con una inversi\u00f3n de 150 mil d\u00f3lares con un cr\u00e9dito leasing y aportes del Plan Sumar. Agradeci\u00f3 al equipo de salud y al Intendente Jos\u00e9 Luis Zara, por \u00e9ste nuevo espacio de salud.<\/p>\n\n\n\n<p>El Concejal Ricardo Angos, saludo a los fot\u00f3grafos, es especial a Horacio Valderrama, fot\u00f3grafo del HCD. Destac\u00f3 el d\u00eda internacional de la paz, tan necesaria en tiempos de guerras y violencias de distintas maneras y de distintas formas. Repudi\u00f3 el acto de violencia ocurrido en Quilmes. La inauguraci\u00f3n de \u00e9ste espacio de salud es el broche de oro al trabajo de mucha gente, que quiere lo mejor para las mujeres del Partido de Patagones.&nbsp; Salud\u00f3 a los jubilados que el d\u00eda 20 fue su d\u00eda. Tambi\u00e9n mencion\u00f3 que hoy se va a llevar a cabo la concreci\u00f3n de la licitaci\u00f3n de 40 viviendas, en lo que se conoce como un lote o una vivienda, en Carmen de Patagones, un convenio entre la Municipalidad de Patagones y el Ministerio de Seguridad de la Provincia. Viviendas destinadas a la polic\u00eda.&nbsp;&nbsp;<\/p>\n\n\n\n<p>La Concejal Mariel Cinirella destac\u00f3 el d\u00eda del estudiante, que despu\u00e9s de pasar por una pandemia, que marc\u00f3 a todos, hizo, que por mucho tiempo no fuera posible encontrarse, hoy pensar en los estudiantes es pensar en el futuro.<\/p>\n\n\n\n<p>El Concejal Marcelo Honcharuk, repudi\u00f3 los hechos que sucedieron durante la dictadura, y el intento de destruir la sociedad con lo m\u00e1s sensible que tenemos que son nuestros j\u00f3venes, nuestros hijos. Felicito a los jubilados en su d\u00eda, y mencion\u00f3 que los gremios no deben olvidar a los jubilados, como ha sucedido con el gremio municipal, en la \u00faltima paritaria, con una medida equivocada a su parecer, al haberlos dejado casi todo el a\u00f1o sin aumentos en sus percepciones. Esperando que esto no vuelva a suceder.<\/p>\n\n\n\n<p>El Presidente Julio Costantino, saludo a todos los estudiantes en este d\u00eda, esperando que lo puedan disfrutar de la mejor manera. Tambi\u00e9n de la record\u00f3 la noche de los l\u00e1pices y mencion\u00f3 que desde 2018 hay una ordenanza que todos los 16 de septiembre, en conmemoraci\u00f3n a esta fecha, el Honorable Concejo Deliberante es el encargado de llevar adelante la ceremonia, donde se distinguen los j\u00f3venes del Partido de Patagones destacados en valores solidarios, compromiso social, participaci\u00f3n estudiantil, deportiva y cultural. Repudio los recientes actos de violencia sucedidos en Quilmes y repudio todos los hechos de violencia en esa nefasta \u00e9poca de la historia argentina.&nbsp; Tambi\u00e9n destac\u00f3 a los Agentes Municipales Patricia Becche y Horacio Valderrama, recientes diplomados en Gesti\u00f3n P\u00fablica Municipal.&nbsp;<\/p>\n\n\n\n<p>El Concejal Ariel Zvenger, adhiri\u00f3 a las palabras de sus antecesores y solicit\u00f3 el acompa\u00f1amiento a la familia Corradi, ante la p\u00e9rdida f\u00edsica de Walter Corradi, compa\u00f1ero municipal. Se pidi\u00f3 un minuto de silencio. Minuto de silencio.<\/p>\n\n\n\n<p><strong>PROYECTOS INGRESADOS:<\/strong><\/p>\n\n\n\n<p><strong>Iniciado: Bloque Avanzar.<\/strong><\/p>\n\n\n\n<p>Extracto: Proyecto de Resoluci\u00f3n. S\/ adhesi\u00f3n al \u00abMomento Azul\u201d. Compartido por todos los Concejales. Aprobado por Unanimidad.<br><\/p>\n\n\n\n<p><strong>Iniciado: Bloque \u201cPJ-Frente de Todos\u201d.<\/strong><\/p>\n\n\n\n<p>Iniciado: Proyecto de Ordenanza. Modificar la Ordenanza N\u00ba 2148. Por solicitud del autor del Proyecto, pase a Comisi\u00f3n de Asuntos Legales. Pase a Comisi\u00f3n Aprobado por Unanimidad.<br><\/p>\n\n\n\n<p><strong>Iniciado: Bloque \u201cPJ-Frente de Todos\u201d.<\/strong><\/p>\n\n\n\n<p>Extracto: Proyecto de Minuta de Comunicaci\u00f3n. Solicitar al D.E. reparaci\u00f3n de baches en acceso a Juan A. Pradere. Aprobado por Unanimidad.<br><\/p>\n\n\n\n<p>Solicitud de Banca Ciudadana: Luciana Araya. Presentaci\u00f3n de un proyecto sobre salud bucal en ni\u00f1os de nivel inicial familia y comunidad.<\/p>\n\n\n\n<p>Los ni\u00f1os y los docentes del Jard\u00edn 904, Sala verde, tercera secci\u00f3n, de 5 a\u00f1os, se presentaron en el Recinto. La docente Luciana Araya y los ni\u00f1os Juana y Basti\u00e1n explicaron el proyecto, nos sugirieron comer sano, no consumir dulces, como cepillarnos los dientes y las consecuencias de no hacerlo.&nbsp; Los Concejales pudieron hacer preguntas que fueron contestadas por los ni\u00f1os.<br><\/p>\n\n\n\n<p><strong>Iniciado: Bloque \u201cPJ-Frente de Todos\u201d.<\/strong><\/p>\n\n\n\n<p>Extracto: Proyecto de Resoluci\u00f3n. Declarar de Inter\u00e9s Municipal el Proyecto \u201cQu\u00e9 tan f\u00e1cil e importante es cuidar nuestros dientes\u00bb. Aprobado por Unanimidad.<br><\/p>\n\n\n\n<p><strong>Iniciado: Bloque \u201cPJ-Frente de Todos\u201d.<\/strong><\/p>\n\n\n\n<p>Extracto: Proyecto de Ordenanza. S\/ relevamiento de espacios para cuidados de personas. Por solicitud del autor del Proyecto, pase a Comisi\u00f3n de Mujeres, G\u00e9nero y Diversidad. Pase a Comisi\u00f3n Aprobado por Unanimidad.<br><\/p>\n\n\n\n<p><strong>Iniciado: Bloque \u201cAvanzar\u201d.<\/strong><\/p>\n\n\n\n<p>Extracto: Proyecto de Resoluci\u00f3n. Solicitar al D.E modificaci\u00f3n y construcci\u00f3n de d\u00e1rsenas. Aprobado por Unanimidad. l<br><\/p>\n\n\n\n<p><strong>Iniciado: Interbloque \u201cFrente Renovador\u201d- Bloque Frente de Todos.<\/strong><\/p>\n\n\n\n<p>Extracto: Proyecto de Resoluci\u00f3n. Solicitar al D.E. implemente Servicio de Enfermer\u00eda y Pediatr\u00eda en Cardenal Cagliero. Aprobado por Unanimidad.<br><\/p>\n\n\n\n<p><strong>Iniciado: Interbloque \u201cFrente Renovador\u201d- Bloque Frente de Todos.<\/strong><\/p>\n\n\n\n<p>Extracto: Proyecto de Resoluci\u00f3n. Solicitar al D.E. realizar obra de cord\u00f3n cuneta en calles de Bah\u00eda San Blas. Con modificaciones, Aprobado por unanimidad.<br><\/p>\n\n\n\n<p><strong>Iniciado: Bloque \u201cJuntos\u201d.<\/strong><\/p>\n\n\n\n<p>Extracto: Proyecto de Resoluci\u00f3n. S\/ licencia por maternidad. Por pedido de la impulsora del Proyecto se env\u00eda a la Comisi\u00f3n de Mujeres, G\u00e9nero y Diversidad. Aprobado por Unanimidad el pase a Comisi\u00f3n.<br><\/p>\n\n\n\n<p><strong>FECHA FUNDACIONAL DE SAN BLAS<\/strong><br><\/p>\n\n\n\n<p>En cuarto intermedio, se hizo presente el Director del Museo Leonardo Dam, para brindar informaci\u00f3n sobre la fecha fundacional de San Blas. Invitado por los integrantes de la Comisi\u00f3n de Tierras y Obras P\u00fablicas, para sumar informaci\u00f3n y documentaci\u00f3n. Por su parte Dam, celebr\u00f3 la iniciativa de los vecinos de San Blas, de querer saber, de investigar. De querer saber su identidad. El museo forma parte de una instituci\u00f3n que es el Banco Provincia de Buenos Aires, con distintas sedes y documentaci\u00f3n desde 1780 en adelante. El museo \u201cEmma Nozzi\u201d nutre y forma parte de distintos organismos de investigaci\u00f3n.<br><\/p>\n\n\n\n<p>Leonardo afirm\u00f3 que la realidad es que la historia de Bah\u00eda San Blas no est\u00e1 escrita, no existe un acta de fundaci\u00f3n de Bah\u00eda San Blas y es por ello que se toma alg\u00fan acto administrativo o acontecimiento que se tome como hecho fundacional. Sin este elemento, es una decisi\u00f3n pol\u00edtica fijar esta fecha. Aport\u00f3 valiosa informaci\u00f3n y documentaci\u00f3n que los Concejales deber\u00e1n analizar. Colocar una fecha derrama sentido, tiene que ver con la dimensi\u00f3n identitaria y simb\u00f3lica<br><\/p>\n\n\n\n<p><strong>EXPEDIENTES CON DESPACHO DE COMISI\u00d3N:<\/strong><br><\/p>\n\n\n\n<p>Los expedientes con despacho de Comisi\u00f3n fueron aprobados por Unanimidad, por Mayor\u00eda o retirados del Orden del D\u00eda.<br><\/p>\n\n\n\n<p><strong>EXPEDIENTES INGRESADOS POR ART\u00cdCULO 81\u00ba<\/strong><br><\/p>\n\n\n\n<p>Los Concejales solicitaron declarar Hu\u00e9spedes de Honor a los funcionarios provinciales que nos estar\u00e1n visitando los d\u00edas jueves y viernes: el Gobernador de la Provincia de Buenos Aires, Axel Kicillof, Mar\u00eda Cristina \u00c1lvarez Rodr\u00edguez, Ministra de Gobierno de la Provincia de Buenos Aires, Gabriel Katopodis, Ministro de Obras P\u00fablicas de la Naci\u00f3n y Juan Horacio Zabaleta, Ministro de Desarrollo Social de la Naci\u00f3n Argentina.<br><\/p>\n\n\n\n<p>Adem\u00e1s, se declar\u00f3 Hu\u00e9spedes de Honor a Claudia M\u00f3nica Rucci, hija de Jos\u00e9 Ignacio Rucci, actual Senadora de la Provincia de Buenos Aires, Miguel Pichetto, Auditor General de la Naci\u00f3n; Ram\u00f3n Puerta, ex Presidente de la Naci\u00f3n; Emiliano Balb\u00edn, Diputado de la Provincia de Buenos Aires y Fernando Compagnoni Diputado de la Provincia de Buenos Aires.<\/p>\n\n\n\n<p><strong>Presentes en el Recinto: <\/strong>Romina Colombi, Ariel Zvenger, Dolores Patan\u00e8, Nicol\u00e1s Garc\u00eda, Eliana Correa, Noem\u00ed C\u00f3rdoba, Diego Stainnekker, Santiago Dalmau, Mayra Sardi, Ricardo Angos, Fabiola Acosta Caballero, Armando Baril\u00e2, Noelia Sep\u00falveda, Marcelo Honcharuk y Mariel Cinirella.<\/p>\n\n\n\n<figure class=\"wp-block-gallery has-nested-images columns-default is-cropped wp-block-gallery-1 is-layout-flex wp-block-gallery-is-layout-flex\">\n<figure class=\"wp-block-image size-large\"><img fetchpriority=\"high\" decoding=\"async\" width=\"1024\" height=\"678\" data-id=\"24693\" src=\"https:\/\/www.elpolitologoyelpolitico.com.ar\/wp-content\/uploads\/2022\/09\/IMG-20220922-WA0027-1024x678.jpg\" alt=\"\" class=\"wp-image-24693\" srcset=\"https:\/\/www.elpolitologoyelpolitico.com.ar\/wp-content\/uploads\/2022\/09\/IMG-20220922-WA0027-1024x678.jpg 1024w, https:\/\/www.elpolitologoyelpolitico.com.ar\/wp-content\/uploads\/2022\/09\/IMG-20220922-WA0027-300x199.jpg 300w, https:\/\/www.elpolitologoyelpolitico.com.ar\/wp-content\/uploads\/2022\/09\/IMG-20220922-WA0027-768x508.jpg 768w, https:\/\/www.elpolitologoyelpolitico.com.ar\/wp-content\/uploads\/2022\/09\/IMG-20220922-WA0027.jpg 1280w\" sizes=\"(max-width: 1024px) 100vw, 1024px\" \/><\/figure>\n\n\n\n<figure class=\"wp-block-image size-large\"><img decoding=\"async\" width=\"1024\" height=\"678\" data-id=\"24694\" src=\"https:\/\/www.elpolitologoyelpolitico.com.ar\/wp-content\/uploads\/2022\/09\/IMG-20220922-WA0028-1024x678.jpg\" alt=\"\" class=\"wp-image-24694\" srcset=\"https:\/\/www.elpolitologoyelpolitico.com.ar\/wp-content\/uploads\/2022\/09\/IMG-20220922-WA0028-1024x678.jpg 1024w, https:\/\/www.elpolitologoyelpolitico.com.ar\/wp-content\/uploads\/2022\/09\/IMG-20220922-WA0028-300x199.jpg 300w, https:\/\/www.elpolitologoyelpolitico.com.ar\/wp-content\/uploads\/2022\/09\/IMG-20220922-WA0028-768x508.jpg 768w, https:\/\/www.elpolitologoyelpolitico.com.ar\/wp-content\/uploads\/2022\/09\/IMG-20220922-WA0028.jpg 1280w\" sizes=\"(max-width: 1024px) 100vw, 1024px\" \/><\/figure>\n<\/figure>\n<div class=\"fb-background-color\">\n\t\t\t  <div \n\t\t\t  \tclass = \"fb-comments\" \n\t\t\t  \tdata-href = \"https:\/\/www.elpolitologoyelpolitico.com.ar\/wordpress\/2022\/09\/22\/extensa-sesion-del-honorable-concejo-deliberante-de-patagones\/\"\n\t\t\t  \tdata-numposts = \"10\"\n\t\t\t  \tdata-lazy = \"true\"\n\t\t\t\tdata-colorscheme = \"light\"\n\t\t\t\tdata-order-by = \"social\"\n\t\t\t\tdata-mobile=true>\n\t\t\t  <\/div><\/div>\n\t\t  <style>\n\t\t    .fb-background-color {\n\t\t\t\tbackground: #ffffff !important;\n\t\t\t}\n\t\t\t.fb_iframe_widget_fluid_desktop iframe {\n\t\t\t    width: 100% !important;\n\t\t\t}\n\t\t  <\/style>\n\t\t  ","protected":false},"excerpt":{"rendered":"<p>ESPACIO PARA HOMENAJES El Presidente del HCD Julio Costantino, dio la bienvenida a todos los presentes y salud\u00f3 al fot\u00f3grafo del HCD, Horacio Valderrama, en el d\u00eda del fot\u00f3grafo. La Concejal Noem\u00ed C\u00f3rdoba, mencion\u00f3 que 16 de septiembre del 76, ocurri\u00f3 uno de los hechos m\u00e1s tr\u00e1gicos de nuestra historia, \u201cLa Noche de los Lapice\u201d [&hellip;]<\/p>\n","protected":false},"author":4,"featured_media":24692,"comment_status":"closed","ping_status":"closed","sticky":false,"template":"","format":"standard","meta":{"_joinchat":[],"footnotes":""},"categories":[39],"tags":[],"class_list":["post-24691","post","type-post","status-publish","format-standard","has-post-thumbnail","hentry","category-en-esta-seccion"],"_links":{"self":[{"href":"https:\/\/www.elpolitologoyelpolitico.com.ar\/wordpress\/wp-json\/wp\/v2\/posts\/24691","targetHints":{"allow":["GET"]}}],"collection":[{"href":"https:\/\/www.elpolitologoyelpolitico.com.ar\/wordpress\/wp-json\/wp\/v2\/posts"}],"about":[{"href":"https:\/\/www.elpolitologoyelpolitico.com.ar\/wordpress\/wp-json\/wp\/v2\/types\/post"}],"author":[{"embeddable":true,"href":"https:\/\/www.elpolitologoyelpolitico.com.ar\/wordpress\/wp-json\/wp\/v2\/users\/4"}],"replies":[{"embeddable":true,"href":"https:\/\/www.elpolitologoyelpolitico.com.ar\/wordpress\/wp-json\/wp\/v2\/comments?post=24691"}],"version-history":[{"count":0,"href":"https:\/\/www.elpolitologoyelpolitico.com.ar\/wordpress\/wp-json\/wp\/v2\/posts\/24691\/revisions"}],"wp:featuredmedia":[{"embeddable":true,"href":"https:\/\/www.elpolitologoyelpolitico.com.ar\/wordpress\/wp-json\/wp\/v2\/media\/24692"}],"wp:attachment":[{"href":"https:\/\/www.elpolitologoyelpolitico.com.ar\/wordpress\/wp-json\/wp\/v2\/media?parent=24691"}],"wp:term":[{"taxonomy":"category","embeddable":true,"href":"https:\/\/www.elpolitologoyelpolitico.com.ar\/wordpress\/wp-json\/wp\/v2\/categories?post=24691"},{"taxonomy":"post_tag","embeddable":true,"href":"https:\/\/www.elpolitologoyelpolitico.com.ar\/wordpress\/wp-json\/wp\/v2\/tags?post=24691"}],"curies":[{"name":"wp","href":"https:\/\/api.w.org\/{rel}","templated":true}]}}