{"id":24687,"date":"2022-09-22T16:50:00","date_gmt":"2022-09-22T16:50:00","guid":{"rendered":"https:\/\/www.elpolitologoyelpolitico.com.ar\/wordpress\/?p=24687"},"modified":"2022-09-22T16:50:54","modified_gmt":"2022-09-22T16:50:54","slug":"la-plazoleta-de-av-peron-llevara-el-nombre-de-jose-ignacio-rucci","status":"publish","type":"post","link":"https:\/\/www.elpolitologoyelpolitico.com.ar\/wordpress\/2022\/09\/22\/la-plazoleta-de-av-peron-llevara-el-nombre-de-jose-ignacio-rucci\/","title":{"rendered":"La Plazoleta de Av. Per\u00f3n llevar\u00e1 el nombre de \u201cJose Ignacio Rucci\u201d"},"content":{"rendered":"\n<p>El pr\u00f3ximo viernes 23 de septiembre se realizar\u00e1 el acto de Imposici\u00f3n de Nombre \u201cJos\u00e9 Ignacio Rucci\u201d a la plazoleta ubicada entre las calles Avenida Juan Domingo Per\u00f3n, Bynon y Villegas de Carmen de Patagones. Dando cumplimiento a la Ordenanza 3681.<\/p>\n\n\n\n<p>El acto se llevar\u00e1 a cabo en dicha plazoleta a las 11.00 y contar\u00e1 con la presencia del Presidente del HCD, Julio Costantino, el Intendente Municipal Jos\u00e9 Luis Zara, Concejales, funcionarios, invitados especiales y vecinos.<\/p>\n\n\n\n<p>El Proyecto, impulsado por todas las fuerzas pol\u00edticas representadas en el Honorable Concejo Deliberante de Patagones y aprobado por unanimidad, sintetiza el trabajo en conjunto. A pesar de tener miradas distintas es tiempo de llegar a amplios acuerdos, lograr aquella unidad nacional que impulsaron dos grandes l\u00edderes de nuestra pol\u00edtica como Per\u00f3n \u2013 Balb\u00edn.<\/p>\n\n\n\n<p>Para este importante acto llegar\u00e1 a la ciudad Claudia M\u00f3nica Rucci, hija de Jos\u00e9 Ignacio Rucci, actual Senadora de la Provincia de Buenos Aires, y la acompa\u00f1ar\u00e1n Miguel Pichetto, Auditor General de la Naci\u00f3n; Ram\u00f3n Puerta, ex Presidente de la Naci\u00f3n; Emiliano Balb\u00edn, Diputado de la Provincia de Buenos Aires y Fernando Compagnoni Diputado de la Provincia de Buenos Aires.<\/p>\n\n\n\n<p>Actualmente en ese espacio se encuentra emplazado un busto de Juan Domingo Per\u00f3n, y en busca de cumplir con una unidad de criterios armoniosos, es que se ha establecido nombrar la plazoleta con la denominaci\u00f3n de quien ha sido un hombre vinculado al General Per\u00f3n, con compromiso sindical nacional del que fue un ejemplo de honradez, simpleza y valores de lealtad para los trabajadores.<\/p>\n<div class=\"fb-background-color\">\n\t\t\t  <div \n\t\t\t  \tclass = \"fb-comments\" \n\t\t\t  \tdata-href = \"https:\/\/www.elpolitologoyelpolitico.com.ar\/wordpress\/2022\/09\/22\/la-plazoleta-de-av-peron-llevara-el-nombre-de-jose-ignacio-rucci\/\"\n\t\t\t  \tdata-numposts = \"10\"\n\t\t\t  \tdata-lazy = \"true\"\n\t\t\t\tdata-colorscheme = \"light\"\n\t\t\t\tdata-order-by = \"social\"\n\t\t\t\tdata-mobile=true>\n\t\t\t  <\/div><\/div>\n\t\t  <style>\n\t\t    .fb-background-color {\n\t\t\t\tbackground: #ffffff !important;\n\t\t\t}\n\t\t\t.fb_iframe_widget_fluid_desktop iframe {\n\t\t\t    width: 100% !important;\n\t\t\t}\n\t\t  <\/style>\n\t\t  ","protected":false},"excerpt":{"rendered":"<p>El pr\u00f3ximo viernes 23 de septiembre se realizar\u00e1 el acto de Imposici\u00f3n de Nombre \u201cJos\u00e9 Ignacio Rucci\u201d a la plazoleta ubicada entre las calles Avenida Juan Domingo Per\u00f3n, Bynon y Villegas de Carmen de Patagones. Dando cumplimiento a la Ordenanza 3681. El acto se llevar\u00e1 a cabo en dicha plazoleta a las 11.00 y contar\u00e1 [&hellip;]<\/p>\n","protected":false},"author":4,"featured_media":24688,"comment_status":"closed","ping_status":"closed","sticky":false,"template":"","format":"standard","meta":{"_joinchat":[],"footnotes":""},"categories":[39],"tags":[],"class_list":["post-24687","post","type-post","status-publish","format-standard","has-post-thumbnail","hentry","category-en-esta-seccion"],"_links":{"self":[{"href":"https:\/\/www.elpolitologoyelpolitico.com.ar\/wordpress\/wp-json\/wp\/v2\/posts\/24687","targetHints":{"allow":["GET"]}}],"collection":[{"href":"https:\/\/www.elpolitologoyelpolitico.com.ar\/wordpress\/wp-json\/wp\/v2\/posts"}],"about":[{"href":"https:\/\/www.elpolitologoyelpolitico.com.ar\/wordpress\/wp-json\/wp\/v2\/types\/post"}],"author":[{"embeddable":true,"href":"https:\/\/www.elpolitologoyelpolitico.com.ar\/wordpress\/wp-json\/wp\/v2\/users\/4"}],"replies":[{"embeddable":true,"href":"https:\/\/www.elpolitologoyelpolitico.com.ar\/wordpress\/wp-json\/wp\/v2\/comments?post=24687"}],"version-history":[{"count":0,"href":"https:\/\/www.elpolitologoyelpolitico.com.ar\/wordpress\/wp-json\/wp\/v2\/posts\/24687\/revisions"}],"wp:featuredmedia":[{"embeddable":true,"href":"https:\/\/www.elpolitologoyelpolitico.com.ar\/wordpress\/wp-json\/wp\/v2\/media\/24688"}],"wp:attachment":[{"href":"https:\/\/www.elpolitologoyelpolitico.com.ar\/wordpress\/wp-json\/wp\/v2\/media?parent=24687"}],"wp:term":[{"taxonomy":"category","embeddable":true,"href":"https:\/\/www.elpolitologoyelpolitico.com.ar\/wordpress\/wp-json\/wp\/v2\/categories?post=24687"},{"taxonomy":"post_tag","embeddable":true,"href":"https:\/\/www.elpolitologoyelpolitico.com.ar\/wordpress\/wp-json\/wp\/v2\/tags?post=24687"}],"curies":[{"name":"wp","href":"https:\/\/api.w.org\/{rel}","templated":true}]}}