{"id":24664,"date":"2022-09-22T00:21:56","date_gmt":"2022-09-22T00:21:56","guid":{"rendered":"https:\/\/www.elpolitologoyelpolitico.com.ar\/wordpress\/?p=24664"},"modified":"2022-09-22T00:24:45","modified_gmt":"2022-09-22T00:24:45","slug":"el-gobierno-de-viedma-implementa-practicas-para-alumnos-del-colegio-industrial","status":"publish","type":"post","link":"https:\/\/www.elpolitologoyelpolitico.com.ar\/wordpress\/2022\/09\/22\/el-gobierno-de-viedma-implementa-practicas-para-alumnos-del-colegio-industrial\/","title":{"rendered":"El Gobierno de Viedma, implementa pr\u00e1cticas para alumnos del Colegio Industrial."},"content":{"rendered":"\n<p>El Intendente Pedro Pesatti junto al Secretario de Servicios, Espacio P\u00fablico y Ambiente Gast\u00f3n Guti\u00e9rrez, firmaron un Acuerdo Marco de Cooperaci\u00f3n con las autoridades educativas del CET 6 de la ciudad capital.&nbsp;<\/p>\n\n\n\n<p>El alcance del convenio firmado, permitir\u00e1 entre otras cosas, las Pr\u00e1cticas Profesionalizantes de alumnos y alumnas de 5to y 6to a\u00f1o para poder cumplimentar con las exigencias curriculares, dando comienzo con el Mantenimiento del Alumbrado P\u00fablico. Adem\u00e1s se prev\u00e9 poder articular acciones para la construcci\u00f3n de cestos de residuos, estaciones de reciclado, y un sinf\u00edn de proyectos.<\/p>\n\n\n\n<p>\u00abNo es un convenio m\u00e1s, es un proyecto que nos llena de orgullo como viedmenses, que permite que la instituci\u00f3n pueda cumplir con la exigencia de las horas respecto de las pr\u00e1cticas profesionalizantes, pero adem\u00e1s que cada alumno y alumna sienta orgullo al ver que sus acciones se ven reflejadas directamente en beneficios para la comunidad. Afianzamos los proyectos de integraci\u00f3n y construcci\u00f3n del sentido pertenencia, eso hace de manera transversal este Gobierno a cada paso, y del orgullo viedmense que busca desarrollar el Intendente Pesatti en cada rinc\u00f3n de Viedma.\u00bb se\u00f1al\u00f3 Guti\u00e9rrez.<\/p>\n\n\n\n<p>Participaron del acto, el Secretario de Educaci\u00f3n de R\u00edo Negro, Duilio Minieri, la Directora del CET 6, Marcela Capkob, la Coordinadora del Consejo Escolar, Bibiana Wilberger, dem\u00e1s autoridades educativas, legislativas y municipales.<\/p>\n\n\n\n<figure class=\"wp-block-gallery has-nested-images columns-default is-cropped wp-block-gallery-1 is-layout-flex wp-block-gallery-is-layout-flex\">\n<figure class=\"wp-block-image size-large\"><img fetchpriority=\"high\" decoding=\"async\" width=\"964\" height=\"733\" data-id=\"24666\" src=\"https:\/\/www.elpolitologoyelpolitico.com.ar\/wp-content\/uploads\/2022\/09\/IMG-20220921-WA0049.jpg\" alt=\"\" class=\"wp-image-24666\" srcset=\"https:\/\/www.elpolitologoyelpolitico.com.ar\/wp-content\/uploads\/2022\/09\/IMG-20220921-WA0049.jpg 964w, https:\/\/www.elpolitologoyelpolitico.com.ar\/wp-content\/uploads\/2022\/09\/IMG-20220921-WA0049-300x228.jpg 300w, https:\/\/www.elpolitologoyelpolitico.com.ar\/wp-content\/uploads\/2022\/09\/IMG-20220921-WA0049-768x584.jpg 768w\" sizes=\"(max-width: 964px) 100vw, 964px\" \/><\/figure>\n\n\n\n<figure class=\"wp-block-image size-large\"><img decoding=\"async\" width=\"1024\" height=\"768\" data-id=\"24667\" src=\"https:\/\/www.elpolitologoyelpolitico.com.ar\/wp-content\/uploads\/2022\/09\/IMG-20220921-WA0046-1024x768.jpg\" alt=\"\" class=\"wp-image-24667\" srcset=\"https:\/\/www.elpolitologoyelpolitico.com.ar\/wp-content\/uploads\/2022\/09\/IMG-20220921-WA0046-1024x768.jpg 1024w, https:\/\/www.elpolitologoyelpolitico.com.ar\/wp-content\/uploads\/2022\/09\/IMG-20220921-WA0046-300x225.jpg 300w, https:\/\/www.elpolitologoyelpolitico.com.ar\/wp-content\/uploads\/2022\/09\/IMG-20220921-WA0046-768x576.jpg 768w, https:\/\/www.elpolitologoyelpolitico.com.ar\/wp-content\/uploads\/2022\/09\/IMG-20220921-WA0046.jpg 1280w\" sizes=\"(max-width: 1024px) 100vw, 1024px\" \/><\/figure>\n\n\n\n<figure class=\"wp-block-image size-large\"><img decoding=\"async\" width=\"1024\" height=\"779\" data-id=\"24669\" src=\"https:\/\/www.elpolitologoyelpolitico.com.ar\/wp-content\/uploads\/2022\/09\/IMG-20220921-WA0047-1024x779.jpg\" alt=\"\" class=\"wp-image-24669\" srcset=\"https:\/\/www.elpolitologoyelpolitico.com.ar\/wp-content\/uploads\/2022\/09\/IMG-20220921-WA0047-1024x779.jpg 1024w, https:\/\/www.elpolitologoyelpolitico.com.ar\/wp-content\/uploads\/2022\/09\/IMG-20220921-WA0047-300x228.jpg 300w, https:\/\/www.elpolitologoyelpolitico.com.ar\/wp-content\/uploads\/2022\/09\/IMG-20220921-WA0047-768x585.jpg 768w, https:\/\/www.elpolitologoyelpolitico.com.ar\/wp-content\/uploads\/2022\/09\/IMG-20220921-WA0047.jpg 1260w\" sizes=\"(max-width: 1024px) 100vw, 1024px\" \/><\/figure>\n\n\n\n<figure class=\"wp-block-image size-large\"><img loading=\"lazy\" decoding=\"async\" width=\"1024\" height=\"768\" data-id=\"24668\" src=\"https:\/\/www.elpolitologoyelpolitico.com.ar\/wp-content\/uploads\/2022\/09\/IMG-20220921-WA0045-1024x768.jpg\" alt=\"\" class=\"wp-image-24668\" srcset=\"https:\/\/www.elpolitologoyelpolitico.com.ar\/wp-content\/uploads\/2022\/09\/IMG-20220921-WA0045-1024x768.jpg 1024w, https:\/\/www.elpolitologoyelpolitico.com.ar\/wp-content\/uploads\/2022\/09\/IMG-20220921-WA0045-300x225.jpg 300w, https:\/\/www.elpolitologoyelpolitico.com.ar\/wp-content\/uploads\/2022\/09\/IMG-20220921-WA0045-768x576.jpg 768w, https:\/\/www.elpolitologoyelpolitico.com.ar\/wp-content\/uploads\/2022\/09\/IMG-20220921-WA0045.jpg 1280w\" sizes=\"(max-width: 1024px) 100vw, 1024px\" \/><\/figure>\n<\/figure>\n<div class=\"fb-background-color\">\n\t\t\t  <div \n\t\t\t  \tclass = \"fb-comments\" \n\t\t\t  \tdata-href = \"https:\/\/www.elpolitologoyelpolitico.com.ar\/wordpress\/2022\/09\/22\/el-gobierno-de-viedma-implementa-practicas-para-alumnos-del-colegio-industrial\/\"\n\t\t\t  \tdata-numposts = \"10\"\n\t\t\t  \tdata-lazy = \"true\"\n\t\t\t\tdata-colorscheme = \"light\"\n\t\t\t\tdata-order-by = \"social\"\n\t\t\t\tdata-mobile=true>\n\t\t\t  <\/div><\/div>\n\t\t  <style>\n\t\t    .fb-background-color {\n\t\t\t\tbackground: #ffffff !important;\n\t\t\t}\n\t\t\t.fb_iframe_widget_fluid_desktop iframe {\n\t\t\t    width: 100% !important;\n\t\t\t}\n\t\t  <\/style>\n\t\t  ","protected":false},"excerpt":{"rendered":"<p>El Intendente Pedro Pesatti junto al Secretario de Servicios, Espacio P\u00fablico y Ambiente Gast\u00f3n Guti\u00e9rrez, firmaron un Acuerdo Marco de Cooperaci\u00f3n con las autoridades educativas del CET 6 de la ciudad capital.&nbsp; El alcance del convenio firmado, permitir\u00e1 entre otras cosas, las Pr\u00e1cticas Profesionalizantes de alumnos y alumnas de 5to y 6to a\u00f1o para poder [&hellip;]<\/p>\n","protected":false},"author":4,"featured_media":24665,"comment_status":"closed","ping_status":"closed","sticky":false,"template":"","format":"standard","meta":{"_joinchat":[],"footnotes":""},"categories":[39],"tags":[],"class_list":["post-24664","post","type-post","status-publish","format-standard","has-post-thumbnail","hentry","category-en-esta-seccion"],"_links":{"self":[{"href":"https:\/\/www.elpolitologoyelpolitico.com.ar\/wordpress\/wp-json\/wp\/v2\/posts\/24664","targetHints":{"allow":["GET"]}}],"collection":[{"href":"https:\/\/www.elpolitologoyelpolitico.com.ar\/wordpress\/wp-json\/wp\/v2\/posts"}],"about":[{"href":"https:\/\/www.elpolitologoyelpolitico.com.ar\/wordpress\/wp-json\/wp\/v2\/types\/post"}],"author":[{"embeddable":true,"href":"https:\/\/www.elpolitologoyelpolitico.com.ar\/wordpress\/wp-json\/wp\/v2\/users\/4"}],"replies":[{"embeddable":true,"href":"https:\/\/www.elpolitologoyelpolitico.com.ar\/wordpress\/wp-json\/wp\/v2\/comments?post=24664"}],"version-history":[{"count":0,"href":"https:\/\/www.elpolitologoyelpolitico.com.ar\/wordpress\/wp-json\/wp\/v2\/posts\/24664\/revisions"}],"wp:featuredmedia":[{"embeddable":true,"href":"https:\/\/www.elpolitologoyelpolitico.com.ar\/wordpress\/wp-json\/wp\/v2\/media\/24665"}],"wp:attachment":[{"href":"https:\/\/www.elpolitologoyelpolitico.com.ar\/wordpress\/wp-json\/wp\/v2\/media?parent=24664"}],"wp:term":[{"taxonomy":"category","embeddable":true,"href":"https:\/\/www.elpolitologoyelpolitico.com.ar\/wordpress\/wp-json\/wp\/v2\/categories?post=24664"},{"taxonomy":"post_tag","embeddable":true,"href":"https:\/\/www.elpolitologoyelpolitico.com.ar\/wordpress\/wp-json\/wp\/v2\/tags?post=24664"}],"curies":[{"name":"wp","href":"https:\/\/api.w.org\/{rel}","templated":true}]}}