{"id":24653,"date":"2022-09-21T23:53:33","date_gmt":"2022-09-21T23:53:33","guid":{"rendered":"https:\/\/www.elpolitologoyelpolitico.com.ar\/wordpress\/?p=24653"},"modified":"2022-09-21T23:54:53","modified_gmt":"2022-09-21T23:54:53","slug":"se-licito-la-compra-de-una-motoniveladora-para-el-mantenimiento-de-caminos-rurales","status":"publish","type":"post","link":"https:\/\/www.elpolitologoyelpolitico.com.ar\/wordpress\/2022\/09\/21\/se-licito-la-compra-de-una-motoniveladora-para-el-mantenimiento-de-caminos-rurales\/","title":{"rendered":"Se licit\u00f3 la compra de una motoniveladora para el mantenimiento de caminos rurales"},"content":{"rendered":"\n<p>El Intendente Municipal, Ing. Jos\u00e9 Luis Zara, presidi\u00f3 este martes por la ma\u00f1ana el acto de apertura de sobres correspondientes a la licitaci\u00f3n de una motoniveladora, para el \u00e1rea de Servicios, que servir\u00e1 para el mantenimiento de los caminos rurales.<\/p>\n\n\n\n<p>Lo acompa\u00f1aron, el Jefe de Gabinete, Fabio Bettinelli, el Secretario de Hacienda, Ricardo Teller\u00eda, el Secretario de Gobierno, Daniel Paredes, el Subsecretario de Servicios P\u00fablicos, Alberto Castillo, la Directora de Gobierno, Adriana Llambay y la Directora de Compras, Claudia San Mart\u00edn.<\/p>\n\n\n\n<p>Adem\u00e1s, participaron la presidenta del bloque Juntos, Romina Colombi, y los concejales del mismo espacio; Armando Baril\u00e1 y Dolores Patan\u00e9.&nbsp;<\/p>\n\n\n\n<p>En la oportunidad, se conocieron las ofertas correspondientes a la compra de la nueva maquinaria, cuyo presupuesto oficial oscila los 29 millones de pesos.&nbsp;<\/p>\n\n\n\n<p>La inversi\u00f3n se realizar\u00e1 a trav\u00e9s de fondos municipales, conformados por la tasa de la red vial y la tasa de marcas y se\u00f1ales.<\/p>\n\n\n\n<figure class=\"wp-block-gallery has-nested-images columns-default is-cropped wp-block-gallery-1 is-layout-flex wp-block-gallery-is-layout-flex\">\n<figure class=\"wp-block-image size-large\"><img fetchpriority=\"high\" decoding=\"async\" width=\"720\" height=\"540\" data-id=\"24655\" src=\"https:\/\/www.elpolitologoyelpolitico.com.ar\/wp-content\/uploads\/2022\/09\/IMG-20220921-WA0031.jpg\" alt=\"\" class=\"wp-image-24655\" srcset=\"https:\/\/www.elpolitologoyelpolitico.com.ar\/wp-content\/uploads\/2022\/09\/IMG-20220921-WA0031.jpg 720w, https:\/\/www.elpolitologoyelpolitico.com.ar\/wp-content\/uploads\/2022\/09\/IMG-20220921-WA0031-300x225.jpg 300w\" sizes=\"(max-width: 720px) 100vw, 720px\" \/><\/figure>\n\n\n\n<figure class=\"wp-block-image size-large\"><img decoding=\"async\" width=\"720\" height=\"540\" data-id=\"24656\" src=\"https:\/\/www.elpolitologoyelpolitico.com.ar\/wp-content\/uploads\/2022\/09\/IMG-20220921-WA0029.jpg\" alt=\"\" class=\"wp-image-24656\" srcset=\"https:\/\/www.elpolitologoyelpolitico.com.ar\/wp-content\/uploads\/2022\/09\/IMG-20220921-WA0029.jpg 720w, https:\/\/www.elpolitologoyelpolitico.com.ar\/wp-content\/uploads\/2022\/09\/IMG-20220921-WA0029-300x225.jpg 300w\" sizes=\"(max-width: 720px) 100vw, 720px\" \/><\/figure>\n\n\n\n<figure class=\"wp-block-image size-large\"><img decoding=\"async\" width=\"720\" height=\"540\" data-id=\"24657\" src=\"https:\/\/www.elpolitologoyelpolitico.com.ar\/wp-content\/uploads\/2022\/09\/IMG-20220921-WA0030.jpg\" alt=\"\" class=\"wp-image-24657\" srcset=\"https:\/\/www.elpolitologoyelpolitico.com.ar\/wp-content\/uploads\/2022\/09\/IMG-20220921-WA0030.jpg 720w, https:\/\/www.elpolitologoyelpolitico.com.ar\/wp-content\/uploads\/2022\/09\/IMG-20220921-WA0030-300x225.jpg 300w\" sizes=\"(max-width: 720px) 100vw, 720px\" \/><\/figure>\n<\/figure>\n<div class=\"fb-background-color\">\n\t\t\t  <div \n\t\t\t  \tclass = \"fb-comments\" \n\t\t\t  \tdata-href = \"https:\/\/www.elpolitologoyelpolitico.com.ar\/wordpress\/2022\/09\/21\/se-licito-la-compra-de-una-motoniveladora-para-el-mantenimiento-de-caminos-rurales\/\"\n\t\t\t  \tdata-numposts = \"10\"\n\t\t\t  \tdata-lazy = \"true\"\n\t\t\t\tdata-colorscheme = \"light\"\n\t\t\t\tdata-order-by = \"social\"\n\t\t\t\tdata-mobile=true>\n\t\t\t  <\/div><\/div>\n\t\t  <style>\n\t\t    .fb-background-color {\n\t\t\t\tbackground: #ffffff !important;\n\t\t\t}\n\t\t\t.fb_iframe_widget_fluid_desktop iframe {\n\t\t\t    width: 100% !important;\n\t\t\t}\n\t\t  <\/style>\n\t\t  ","protected":false},"excerpt":{"rendered":"<p>El Intendente Municipal, Ing. Jos\u00e9 Luis Zara, presidi\u00f3 este martes por la ma\u00f1ana el acto de apertura de sobres correspondientes a la licitaci\u00f3n de una motoniveladora, para el \u00e1rea de Servicios, que servir\u00e1 para el mantenimiento de los caminos rurales. Lo acompa\u00f1aron, el Jefe de Gabinete, Fabio Bettinelli, el Secretario de Hacienda, Ricardo Teller\u00eda, el [&hellip;]<\/p>\n","protected":false},"author":4,"featured_media":24654,"comment_status":"closed","ping_status":"closed","sticky":false,"template":"","format":"standard","meta":{"_joinchat":[],"footnotes":""},"categories":[4],"tags":[],"class_list":["post-24653","post","type-post","status-publish","format-standard","has-post-thumbnail","hentry","category-politicas-publicas"],"_links":{"self":[{"href":"https:\/\/www.elpolitologoyelpolitico.com.ar\/wordpress\/wp-json\/wp\/v2\/posts\/24653","targetHints":{"allow":["GET"]}}],"collection":[{"href":"https:\/\/www.elpolitologoyelpolitico.com.ar\/wordpress\/wp-json\/wp\/v2\/posts"}],"about":[{"href":"https:\/\/www.elpolitologoyelpolitico.com.ar\/wordpress\/wp-json\/wp\/v2\/types\/post"}],"author":[{"embeddable":true,"href":"https:\/\/www.elpolitologoyelpolitico.com.ar\/wordpress\/wp-json\/wp\/v2\/users\/4"}],"replies":[{"embeddable":true,"href":"https:\/\/www.elpolitologoyelpolitico.com.ar\/wordpress\/wp-json\/wp\/v2\/comments?post=24653"}],"version-history":[{"count":0,"href":"https:\/\/www.elpolitologoyelpolitico.com.ar\/wordpress\/wp-json\/wp\/v2\/posts\/24653\/revisions"}],"wp:featuredmedia":[{"embeddable":true,"href":"https:\/\/www.elpolitologoyelpolitico.com.ar\/wordpress\/wp-json\/wp\/v2\/media\/24654"}],"wp:attachment":[{"href":"https:\/\/www.elpolitologoyelpolitico.com.ar\/wordpress\/wp-json\/wp\/v2\/media?parent=24653"}],"wp:term":[{"taxonomy":"category","embeddable":true,"href":"https:\/\/www.elpolitologoyelpolitico.com.ar\/wordpress\/wp-json\/wp\/v2\/categories?post=24653"},{"taxonomy":"post_tag","embeddable":true,"href":"https:\/\/www.elpolitologoyelpolitico.com.ar\/wordpress\/wp-json\/wp\/v2\/tags?post=24653"}],"curies":[{"name":"wp","href":"https:\/\/api.w.org\/{rel}","templated":true}]}}