{"id":24649,"date":"2022-09-21T23:36:37","date_gmt":"2022-09-21T23:36:37","guid":{"rendered":"https:\/\/www.elpolitologoyelpolitico.com.ar\/wordpress\/?p=24649"},"modified":"2022-09-21T23:37:12","modified_gmt":"2022-09-21T23:37:12","slug":"el-stand-up-llega-a-viedma-con-pequenas-cosas-fundamentales","status":"publish","type":"post","link":"https:\/\/www.elpolitologoyelpolitico.com.ar\/wordpress\/2022\/09\/21\/el-stand-up-llega-a-viedma-con-pequenas-cosas-fundamentales\/","title":{"rendered":"El Stand Up llega a Viedma con \u201cPeque\u00f1as cosas fundamentales\u201d"},"content":{"rendered":"\n<p>Este s\u00e1bado 24 de septiembre, desde las 21, Pablo Molinari llega al Centro Municipal de Cultura con su espect\u00e1culo unipersonal \u201cPeque\u00f1as Cosas Fundamentales\u201d.<\/p>\n\n\n\n<p>Las entradas se encuentran disponibles en Kiosco Facundo (Buenos Aires 326) y en Chulapa (Colon 651) a $1.800<\/p>\n\n\n\n<p>Por segunda vez, y como parte de su gira nacional, el locutor y comediante se presentar\u00e1<\/p>\n\n\n\n<p>con un show en d\u00f3nde trata la nostalgia del mundo pre-internet y las contradicciones de la vida cotidiana para re\u00edrnos de nosotros mismos en un show divertido y picante.<\/p>\n\n\n\n<p>Pablo Molinari es uno de los comediantes argentinos de mayor crecimiento en los \u00faltimos tiempos. Es adem\u00e1s locutor, y nerd de alma. Desde chico siempre sinti\u00f3 pasi\u00f3n por el humor, pero su carrera parec\u00eda inequ\u00edvocamente orientada hacia las ciencias duras: jug\u00f3 muchos a\u00f1os al ajedrez, particip\u00f3 de las olimp\u00edadas de matem\u00e1tica, y dej\u00f3 dos carreras de Ingenier\u00eda y una Licenciatura.<\/p>\n\n\n\n<p>En un giro de 180\u00b0, Molinari estudi\u00f3 y se recibi\u00f3 de locutor en el ISER. Luego se form\u00f3 estudiando clown con Claudio Mart\u00ednez Bel, teatro con Mart\u00edn Pugliese, improvisaci\u00f3n con Ricardo Behrens y Estela Huergo (LPI), stand up comedy con Diego Wainstein y castellano neutro y doblaje profesional, con Ricardo Alan\u00eds.<\/p>\n\n\n\n<p>Se dedica a la comedia en forma ininterrumpida desde 2005. Form\u00f3 parte de varios elencos del g\u00e9nero, y particip\u00f3 de los ciclos de comedia de Bendita TV (Canal 9) y Hora de Re\u00edr (Canal 9), as\u00ed como de los festivales argentinos Gesell Comedy Fest y Ciudad Emergente. En 2014, 2015, 2017 y 2018 fue invitado a representar al pa\u00eds en el Festival de Stand Up Comedy de Costa Rica. Fue seleccionado para grabar para los especiales de Comedy Central para Latinoam\u00e9rica, y como cierre de uno de los escenarios del Comedy Central Fest.<\/p>\n\n\n\n<p>Este a\u00f1o fue nominado para los premios Estrella de Mar como \u201cMejor Unipersonal de<\/p>\n\n\n\n<p>Humor\u201d. En los \u00faltimos a\u00f1os cosech\u00f3 m\u00e1s de un mill\u00f3n de seguidores entre sus redes sociales, con gr\u00e1ficos matem\u00e1ticos y videos sobre la vida cotidiana con un alto grado de identificaci\u00f3n.<\/p>\n<div class=\"fb-background-color\">\n\t\t\t  <div \n\t\t\t  \tclass = \"fb-comments\" \n\t\t\t  \tdata-href = \"https:\/\/www.elpolitologoyelpolitico.com.ar\/wordpress\/2022\/09\/21\/el-stand-up-llega-a-viedma-con-pequenas-cosas-fundamentales\/\"\n\t\t\t  \tdata-numposts = \"10\"\n\t\t\t  \tdata-lazy = \"true\"\n\t\t\t\tdata-colorscheme = \"light\"\n\t\t\t\tdata-order-by = \"social\"\n\t\t\t\tdata-mobile=true>\n\t\t\t  <\/div><\/div>\n\t\t  <style>\n\t\t    .fb-background-color {\n\t\t\t\tbackground: #ffffff !important;\n\t\t\t}\n\t\t\t.fb_iframe_widget_fluid_desktop iframe {\n\t\t\t    width: 100% !important;\n\t\t\t}\n\t\t  <\/style>\n\t\t  ","protected":false},"excerpt":{"rendered":"<p>Este s\u00e1bado 24 de septiembre, desde las 21, Pablo Molinari llega al Centro Municipal de Cultura con su espect\u00e1culo unipersonal \u201cPeque\u00f1as Cosas Fundamentales\u201d. Las entradas se encuentran disponibles en Kiosco Facundo (Buenos Aires 326) y en Chulapa (Colon 651) a $1.800 Por segunda vez, y como parte de su gira nacional, el locutor y comediante [&hellip;]<\/p>\n","protected":false},"author":4,"featured_media":24650,"comment_status":"closed","ping_status":"closed","sticky":false,"template":"","format":"standard","meta":{"_joinchat":[],"footnotes":""},"categories":[39],"tags":[],"class_list":["post-24649","post","type-post","status-publish","format-standard","has-post-thumbnail","hentry","category-en-esta-seccion"],"_links":{"self":[{"href":"https:\/\/www.elpolitologoyelpolitico.com.ar\/wordpress\/wp-json\/wp\/v2\/posts\/24649","targetHints":{"allow":["GET"]}}],"collection":[{"href":"https:\/\/www.elpolitologoyelpolitico.com.ar\/wordpress\/wp-json\/wp\/v2\/posts"}],"about":[{"href":"https:\/\/www.elpolitologoyelpolitico.com.ar\/wordpress\/wp-json\/wp\/v2\/types\/post"}],"author":[{"embeddable":true,"href":"https:\/\/www.elpolitologoyelpolitico.com.ar\/wordpress\/wp-json\/wp\/v2\/users\/4"}],"replies":[{"embeddable":true,"href":"https:\/\/www.elpolitologoyelpolitico.com.ar\/wordpress\/wp-json\/wp\/v2\/comments?post=24649"}],"version-history":[{"count":0,"href":"https:\/\/www.elpolitologoyelpolitico.com.ar\/wordpress\/wp-json\/wp\/v2\/posts\/24649\/revisions"}],"wp:featuredmedia":[{"embeddable":true,"href":"https:\/\/www.elpolitologoyelpolitico.com.ar\/wordpress\/wp-json\/wp\/v2\/media\/24650"}],"wp:attachment":[{"href":"https:\/\/www.elpolitologoyelpolitico.com.ar\/wordpress\/wp-json\/wp\/v2\/media?parent=24649"}],"wp:term":[{"taxonomy":"category","embeddable":true,"href":"https:\/\/www.elpolitologoyelpolitico.com.ar\/wordpress\/wp-json\/wp\/v2\/categories?post=24649"},{"taxonomy":"post_tag","embeddable":true,"href":"https:\/\/www.elpolitologoyelpolitico.com.ar\/wordpress\/wp-json\/wp\/v2\/tags?post=24649"}],"curies":[{"name":"wp","href":"https:\/\/api.w.org\/{rel}","templated":true}]}}