{"id":2464,"date":"2021-05-01T01:31:57","date_gmt":"2021-05-01T01:31:57","guid":{"rendered":"https:\/\/www.elpolitologoyelpolitico.com.ar\/wordpress\/?p=2464"},"modified":"2021-05-01T01:32:32","modified_gmt":"2021-05-01T01:32:32","slug":"se-esta-trabajando-en-comunicacion-con-los-vecinos","status":"publish","type":"post","link":"https:\/\/www.elpolitologoyelpolitico.com.ar\/wordpress\/2021\/05\/01\/se-esta-trabajando-en-comunicacion-con-los-vecinos\/","title":{"rendered":"\u201cSe esta trabajando en comunicaci\u00f3n con los vecinos\u201d"},"content":{"rendered":"\t\t<div data-elementor-type=\"wp-post\" data-elementor-id=\"2464\" class=\"elementor elementor-2464\">\n\t\t\t\t\t\t<section class=\"elementor-section elementor-top-section elementor-element elementor-element-4aa7571a elementor-section-boxed elementor-section-height-default elementor-section-height-default\" data-id=\"4aa7571a\" data-element_type=\"section\" data-e-type=\"section\">\n\t\t\t\t\t\t<div class=\"elementor-container elementor-column-gap-default\">\n\t\t\t\t\t<div class=\"elementor-column elementor-col-100 elementor-top-column elementor-element elementor-element-1fb27ece\" data-id=\"1fb27ece\" data-element_type=\"column\" data-e-type=\"column\">\n\t\t\t<div class=\"elementor-widget-wrap elementor-element-populated\">\n\t\t\t\t\t\t<div class=\"elementor-element elementor-element-64b0c896 elementor-widget elementor-widget-text-editor\" data-id=\"64b0c896\" data-element_type=\"widget\" data-e-type=\"widget\" data-widget_type=\"text-editor.default\">\n\t\t\t\t<div class=\"elementor-widget-container\">\n\t\t\t\t\t\t\t\t\t\n<p>Lucio Galatro, Concejal del Bloque \u201cFrente de Todos\u201d, manifest\u00f3 que se viene trabajando en diversas pol\u00edticas.<\/p>\n\n\n\n<p>\u201cHace varias semanas el Presidente del Bloque Ariel Zvenger junto al Concejal Ricardo Marino estuvieron en la Ciudad de Buenos Aires y se dio a conocer el conflicto con los obreros de la construcci\u00f3n\u201d indico el actor pol\u00edtico.<\/p>\n\n\n\n<p>Esta semana se reunieron concejales del Frente de Todos con el comisario de Patagones Gustavo Mart\u00edn, para dialogar sobre la inseguridad y los actos delictivos en esta zona.<\/p>\n\n\n\n<p>\u201cEsta problem\u00e1tica no solo nos preocupa sino que tambi\u00e9n es necesario abordarla desde acciones conjuntas, con la polic\u00eda y diversos sectores de la ciudad y fundamentalmente ser\u00e1 trasladada al Ministerio de Seguridad de la Provincia de Buenos Aires\u201d sostuvo el ex titular del \u00e1rea de la Juventud de Patagones.<\/p>\n\n\n\n<p>Seg\u00fan Galatro \u201cDurante la charla con el comisario se plante\u00f3 la necesidad de nuevos patrulleros para el Partido y la posibilidad de que los agentes del operativo sol puedan continuar su carrera en el Distrito\u201d.<\/p>\n\n\n\n<p>Desde el Bloque del Frente de Todos se viene trabajando con distintos proyectos y a\u00f1adi\u00f3 \u201cLa Concejal Eva Cifuentes est\u00e1 trabajando fuertemente en lo que respecta al \u00e1rea de zoonosis, manifestando la necesidad de nuevos veterinarios y de una pol\u00edtica que d\u00e9 una soluci\u00f3n a esta problem\u00e1tica\u201d. El Concejal expres\u00f3&nbsp; \u201cLa pr\u00f3xima semana se da finalidad al proyecto enfocado en la ampliaci\u00f3n del c\u00f3digo urbano de patagones\u201d y agreg\u00f3 \u201cSe esta trabajando en comunicaci\u00f3n con los vecinos del Partido para presentar sus reclamos y luego los elevamos al concejo \u201d.<\/p>\n\t\t\t\t\t\t\t\t<\/div>\n\t\t\t\t<\/div>\n\t\t\t\t\t<\/div>\n\t\t<\/div>\n\t\t\t\t\t<\/div>\n\t\t<\/section>\n\t\t\t\t<\/div>\n\t\t<div class=\"fb-background-color\">\n\t\t\t  <div \n\t\t\t  \tclass = \"fb-comments\" \n\t\t\t  \tdata-href = \"https:\/\/www.elpolitologoyelpolitico.com.ar\/wordpress\/2021\/05\/01\/se-esta-trabajando-en-comunicacion-con-los-vecinos\/\"\n\t\t\t  \tdata-numposts = \"10\"\n\t\t\t  \tdata-lazy = \"true\"\n\t\t\t\tdata-colorscheme = \"light\"\n\t\t\t\tdata-order-by = \"social\"\n\t\t\t\tdata-mobile=true>\n\t\t\t  <\/div><\/div>\n\t\t  <style>\n\t\t    .fb-background-color {\n\t\t\t\tbackground: #ffffff !important;\n\t\t\t}\n\t\t\t.fb_iframe_widget_fluid_desktop iframe {\n\t\t\t    width: 100% !important;\n\t\t\t}\n\t\t  <\/style>\n\t\t  ","protected":false},"excerpt":{"rendered":"<p>Lucio Galatro, Concejal del Bloque \u201cFrente de Todos\u201d, manifest\u00f3 que se viene trabajando en diversas pol\u00edticas. \u201cHace varias semanas el Presidente del Bloque Ariel Zvenger junto al Concejal Ricardo Marino estuvieron en la Ciudad de Buenos Aires y se dio a conocer el conflicto con los obreros de la construcci\u00f3n\u201d indico el actor pol\u00edtico. Esta [&hellip;]<\/p>\n","protected":false},"author":4,"featured_media":2465,"comment_status":"closed","ping_status":"closed","sticky":false,"template":"","format":"standard","meta":{"_joinchat":[],"footnotes":""},"categories":[21],"tags":[],"class_list":["post-2464","post","type-post","status-publish","format-standard","has-post-thumbnail","hentry","category-actores-politicos"],"_links":{"self":[{"href":"https:\/\/www.elpolitologoyelpolitico.com.ar\/wordpress\/wp-json\/wp\/v2\/posts\/2464","targetHints":{"allow":["GET"]}}],"collection":[{"href":"https:\/\/www.elpolitologoyelpolitico.com.ar\/wordpress\/wp-json\/wp\/v2\/posts"}],"about":[{"href":"https:\/\/www.elpolitologoyelpolitico.com.ar\/wordpress\/wp-json\/wp\/v2\/types\/post"}],"author":[{"embeddable":true,"href":"https:\/\/www.elpolitologoyelpolitico.com.ar\/wordpress\/wp-json\/wp\/v2\/users\/4"}],"replies":[{"embeddable":true,"href":"https:\/\/www.elpolitologoyelpolitico.com.ar\/wordpress\/wp-json\/wp\/v2\/comments?post=2464"}],"version-history":[{"count":0,"href":"https:\/\/www.elpolitologoyelpolitico.com.ar\/wordpress\/wp-json\/wp\/v2\/posts\/2464\/revisions"}],"wp:featuredmedia":[{"embeddable":true,"href":"https:\/\/www.elpolitologoyelpolitico.com.ar\/wordpress\/wp-json\/wp\/v2\/media\/2465"}],"wp:attachment":[{"href":"https:\/\/www.elpolitologoyelpolitico.com.ar\/wordpress\/wp-json\/wp\/v2\/media?parent=2464"}],"wp:term":[{"taxonomy":"category","embeddable":true,"href":"https:\/\/www.elpolitologoyelpolitico.com.ar\/wordpress\/wp-json\/wp\/v2\/categories?post=2464"},{"taxonomy":"post_tag","embeddable":true,"href":"https:\/\/www.elpolitologoyelpolitico.com.ar\/wordpress\/wp-json\/wp\/v2\/tags?post=2464"}],"curies":[{"name":"wp","href":"https:\/\/api.w.org\/{rel}","templated":true}]}}