{"id":24626,"date":"2022-09-20T17:18:33","date_gmt":"2022-09-20T17:18:33","guid":{"rendered":"https:\/\/www.elpolitologoyelpolitico.com.ar\/wordpress\/?p=24626"},"modified":"2022-09-20T17:19:08","modified_gmt":"2022-09-20T17:19:08","slug":"ipross-legisladores-solicitan-una-reunion-por-la-situacion-que-viven-los-afiliados","status":"publish","type":"post","link":"https:\/\/www.elpolitologoyelpolitico.com.ar\/wordpress\/2022\/09\/20\/ipross-legisladores-solicitan-una-reunion-por-la-situacion-que-viven-los-afiliados\/","title":{"rendered":"IPROSS: Legisladores solicitan una reuni\u00f3n por la situaci\u00f3n que viven los afiliados"},"content":{"rendered":"\n<p>El bloque del Frente de Todos reiter\u00f3 su solicitud de que se conforme y llame a reuniones la Comisi\u00f3n Especial de Seguimiento del Ipross.<\/p>\n\n\n\n<p>Mediante una nota remitida al presidente de la Legislatura, Alejandro Palmieri, la bancada que preside Mar\u00eda Eugenia Martini record\u00f3 que \u201ccomo legisladores venimos alertando de la necesidad de constituir y convocar a reuni\u00f3n a esta comisi\u00f3n de manera urgente, ya que hay cuestiones de fondo que deben ser tratadas, como la cobertura de prestaciones, medicamentos, sistema de turnos, an\u00e1lisis de la situaci\u00f3n financiera y econ\u00f3mica de la Obra Social y dar respuesta a los diferentes reclamos que vienen realizando los gremios y los afiliados\u201d.<\/p>\n\n\n\n<p>\u201cLos afiliados siguen financiando a la obra social, se pagan las prestaciones y reci\u00e9n varios meses despu\u00e9s se reintegra parte de lo pagado\u201d, describi\u00f3 el legislador Pablo Barreno. Detall\u00f3 que \u201cse registran ajustes fuertes en la cobertura de los medicamentos ya que aquellos que deber\u00edan cubrirse al 50 por ciento apenas son cubiertos en entre un 20 y un 26 por ciento\u201d.<\/p>\n\n\n\n<p>Otras problem\u00e1ticas que afiliados de toda la provincia&nbsp; hicieron saber a los integrantes de la bancada son la subatenci\u00f3n de prestaciones m\u00e9dicas, con turnos que se programan para varios meses despu\u00e9s de solicitados, demoras en la provisi\u00f3n de pr\u00f3tesis a pacientes que esperan sin respuesta y el hist\u00f3rico cobro de plus que va de los mil a los tres mil pesos seg\u00fan las especialidades de las consultas.<\/p>\n\n\n\n<p>\u201cFrente al desamparo de los afiliados y la falta de respuesta de la obra social provincial requerimos con urgencia la convocatoria a la Comisi\u00f3n Especial para poder tener informaci\u00f3n de primera mano sobre su funcionamiento\u201d, indic\u00f3 la presidenta del bloque, Mar\u00eda Eugenia Martini.<\/p>\n\n\n\n<p>Los pedidos de que se re\u00fana esta comisi\u00f3n fueron realizados en varias oportunidades durante&nbsp; 2020, 2021 y 2022 a trav\u00e9s de los Asuntos Oficiales 1005\/20, 1170\/20, 1127\/21, 1252\/21 y 1122\/22&nbsp; sin tener respuesta, ni convocatoria durante todo el per\u00edodo.<\/p>\n\n\n\n<p>El bloque enumer\u00f3 que s\u00f3lo en 2022 se presentaron varios proyectos relacionados con la obra sociales como el de Comunicaci\u00f3n que solicita que se restituyan los valores hist\u00f3ricos de los medicamentos de los ambulatorios al 50%, Cr\u00f3nicos al 70% y Especiales al 100%, por todo concepto.<\/p>\n\n\n\n<p>Tambi\u00e9n se elevaron al menos tres pedidos de Informes referidos a si se prev\u00e9n aumentos en los valores de los medicamentos para lo que resta del a\u00f1o 2022, y a los montos de las deudas que la obra social mantiene con sus afiliados, los hospitales y las farmacias, entre otros, que aguardan su respuesta.<\/p>\n\n\n\n<figure class=\"wp-block-image size-large\"><img fetchpriority=\"high\" decoding=\"async\" width=\"1024\" height=\"683\" src=\"https:\/\/www.elpolitologoyelpolitico.com.ar\/wp-content\/uploads\/2022\/09\/IMG-20220920-WA0027-1024x683.jpg\" alt=\"\" class=\"wp-image-24628\" srcset=\"https:\/\/www.elpolitologoyelpolitico.com.ar\/wp-content\/uploads\/2022\/09\/IMG-20220920-WA0027-1024x683.jpg 1024w, https:\/\/www.elpolitologoyelpolitico.com.ar\/wp-content\/uploads\/2022\/09\/IMG-20220920-WA0027-300x200.jpg 300w, https:\/\/www.elpolitologoyelpolitico.com.ar\/wp-content\/uploads\/2022\/09\/IMG-20220920-WA0027-768x512.jpg 768w, https:\/\/www.elpolitologoyelpolitico.com.ar\/wp-content\/uploads\/2022\/09\/IMG-20220920-WA0027.jpg 1368w\" sizes=\"(max-width: 1024px) 100vw, 1024px\" \/><\/figure>\n<div class=\"fb-background-color\">\n\t\t\t  <div \n\t\t\t  \tclass = \"fb-comments\" \n\t\t\t  \tdata-href = \"https:\/\/www.elpolitologoyelpolitico.com.ar\/wordpress\/2022\/09\/20\/ipross-legisladores-solicitan-una-reunion-por-la-situacion-que-viven-los-afiliados\/\"\n\t\t\t  \tdata-numposts = \"10\"\n\t\t\t  \tdata-lazy = \"true\"\n\t\t\t\tdata-colorscheme = \"light\"\n\t\t\t\tdata-order-by = \"social\"\n\t\t\t\tdata-mobile=true>\n\t\t\t  <\/div><\/div>\n\t\t  <style>\n\t\t    .fb-background-color {\n\t\t\t\tbackground: #ffffff !important;\n\t\t\t}\n\t\t\t.fb_iframe_widget_fluid_desktop iframe {\n\t\t\t    width: 100% !important;\n\t\t\t}\n\t\t  <\/style>\n\t\t  ","protected":false},"excerpt":{"rendered":"<p>El bloque del Frente de Todos reiter\u00f3 su solicitud de que se conforme y llame a reuniones la Comisi\u00f3n Especial de Seguimiento del Ipross. Mediante una nota remitida al presidente de la Legislatura, Alejandro Palmieri, la bancada que preside Mar\u00eda Eugenia Martini record\u00f3 que \u201ccomo legisladores venimos alertando de la necesidad de constituir y convocar [&hellip;]<\/p>\n","protected":false},"author":4,"featured_media":24627,"comment_status":"closed","ping_status":"closed","sticky":false,"template":"","format":"standard","meta":{"_joinchat":[],"footnotes":""},"categories":[39],"tags":[],"class_list":["post-24626","post","type-post","status-publish","format-standard","has-post-thumbnail","hentry","category-en-esta-seccion"],"_links":{"self":[{"href":"https:\/\/www.elpolitologoyelpolitico.com.ar\/wordpress\/wp-json\/wp\/v2\/posts\/24626","targetHints":{"allow":["GET"]}}],"collection":[{"href":"https:\/\/www.elpolitologoyelpolitico.com.ar\/wordpress\/wp-json\/wp\/v2\/posts"}],"about":[{"href":"https:\/\/www.elpolitologoyelpolitico.com.ar\/wordpress\/wp-json\/wp\/v2\/types\/post"}],"author":[{"embeddable":true,"href":"https:\/\/www.elpolitologoyelpolitico.com.ar\/wordpress\/wp-json\/wp\/v2\/users\/4"}],"replies":[{"embeddable":true,"href":"https:\/\/www.elpolitologoyelpolitico.com.ar\/wordpress\/wp-json\/wp\/v2\/comments?post=24626"}],"version-history":[{"count":0,"href":"https:\/\/www.elpolitologoyelpolitico.com.ar\/wordpress\/wp-json\/wp\/v2\/posts\/24626\/revisions"}],"wp:featuredmedia":[{"embeddable":true,"href":"https:\/\/www.elpolitologoyelpolitico.com.ar\/wordpress\/wp-json\/wp\/v2\/media\/24627"}],"wp:attachment":[{"href":"https:\/\/www.elpolitologoyelpolitico.com.ar\/wordpress\/wp-json\/wp\/v2\/media?parent=24626"}],"wp:term":[{"taxonomy":"category","embeddable":true,"href":"https:\/\/www.elpolitologoyelpolitico.com.ar\/wordpress\/wp-json\/wp\/v2\/categories?post=24626"},{"taxonomy":"post_tag","embeddable":true,"href":"https:\/\/www.elpolitologoyelpolitico.com.ar\/wordpress\/wp-json\/wp\/v2\/tags?post=24626"}],"curies":[{"name":"wp","href":"https:\/\/api.w.org\/{rel}","templated":true}]}}