{"id":24607,"date":"2022-09-20T15:14:56","date_gmt":"2022-09-20T15:14:56","guid":{"rendered":"https:\/\/www.elpolitologoyelpolitico.com.ar\/wordpress\/?p=24607"},"modified":"2022-09-20T15:15:53","modified_gmt":"2022-09-20T15:15:53","slug":"se-encuentra-vigente-el-programa-de-empleo-independiente-o-p-e-i-que-brinda-apoyo-orientacion-y-medios-para-desarrollar-emprendimientos","status":"publish","type":"post","link":"https:\/\/www.elpolitologoyelpolitico.com.ar\/wordpress\/2022\/09\/20\/se-encuentra-vigente-el-programa-de-empleo-independiente-o-p-e-i-que-brinda-apoyo-orientacion-y-medios-para-desarrollar-emprendimientos\/","title":{"rendered":"Se encuentra vigente el Programa de Empleo Independiente o P.E.I, que brinda apoyo, orientaci\u00f3n y medios para desarrollar emprendimientos"},"content":{"rendered":"\n<p><strong>Est\u00e1 dirigido a:<\/strong><\/p>\n\n\n\n<p>\u25cf Trabajadores desocupados que realizaron un curso de formaci\u00f3n profesional.<\/p>\n\n\n\n<p>\u25cf Personas que participan de los programas de la Secretar\u00eda de Empleo del&nbsp; Ministerio de Trabajo, Empleo y Seguridad Social de la Naci\u00f3n.<\/p>\n\n\n\n<p>\u25cf Trabajadores independientes que tengan experiencia en el oficio que emprenden.<\/p>\n\n\n\n<p><strong>Los proyectos aprobados reciben:<\/strong><\/p>\n\n\n\n<p>\u25cf Un capital inicial no reembolsable,&nbsp; y re-financiamiento al a\u00f1o de la puesta en marcha.<\/p>\n\n\n\n<p>\u25cf Capacitaci\u00f3n y curso de gesti\u00f3n empresarial.<\/p>\n\n\n\n<p>\u25cf Asistencia t\u00e9cnica durante la formulaci\u00f3n del proyecto, seguimiento, apoyo a la comercializaci\u00f3n.<\/p>\n\n\n\n<p>Para mayor informaci\u00f3n ingresar a www.argentina.gob.ar\/trabajo\/empleo<\/p>\n\n\n\n<p>O ac\u00e9rcate a la Oficina de Empleo, Olivera 57 de Carmen de Patagones<\/p>\n\n\n\n<p>&nbsp;Correo: <a href=\"mailto:empleopatagones2018@gmail.com\">empleopatagones2018@gmail.com<\/a><\/p>\n\n\n\n<p>Tel: 2920-329230<\/p>\n\n\n\n<figure class=\"wp-block-image size-full\"><img fetchpriority=\"high\" decoding=\"async\" width=\"720\" height=\"473\" src=\"https:\/\/www.elpolitologoyelpolitico.com.ar\/wp-content\/uploads\/2022\/09\/IMG-20220920-WA0018.jpg\" alt=\"\" class=\"wp-image-24610\" srcset=\"https:\/\/www.elpolitologoyelpolitico.com.ar\/wp-content\/uploads\/2022\/09\/IMG-20220920-WA0018.jpg 720w, https:\/\/www.elpolitologoyelpolitico.com.ar\/wp-content\/uploads\/2022\/09\/IMG-20220920-WA0018-300x197.jpg 300w\" sizes=\"(max-width: 720px) 100vw, 720px\" \/><\/figure>\n<div class=\"fb-background-color\">\n\t\t\t  <div \n\t\t\t  \tclass = \"fb-comments\" \n\t\t\t  \tdata-href = \"https:\/\/www.elpolitologoyelpolitico.com.ar\/wordpress\/2022\/09\/20\/se-encuentra-vigente-el-programa-de-empleo-independiente-o-p-e-i-que-brinda-apoyo-orientacion-y-medios-para-desarrollar-emprendimientos\/\"\n\t\t\t  \tdata-numposts = \"10\"\n\t\t\t  \tdata-lazy = \"true\"\n\t\t\t\tdata-colorscheme = \"light\"\n\t\t\t\tdata-order-by = \"social\"\n\t\t\t\tdata-mobile=true>\n\t\t\t  <\/div><\/div>\n\t\t  <style>\n\t\t    .fb-background-color {\n\t\t\t\tbackground: #ffffff !important;\n\t\t\t}\n\t\t\t.fb_iframe_widget_fluid_desktop iframe {\n\t\t\t    width: 100% !important;\n\t\t\t}\n\t\t  <\/style>\n\t\t  ","protected":false},"excerpt":{"rendered":"<p>Est\u00e1 dirigido a: \u25cf Trabajadores desocupados que realizaron un curso de formaci\u00f3n profesional. \u25cf Personas que participan de los programas de la Secretar\u00eda de Empleo del&nbsp; Ministerio de Trabajo, Empleo y Seguridad Social de la Naci\u00f3n. \u25cf Trabajadores independientes que tengan experiencia en el oficio que emprenden. Los proyectos aprobados reciben: \u25cf Un capital inicial [&hellip;]<\/p>\n","protected":false},"author":4,"featured_media":24608,"comment_status":"closed","ping_status":"closed","sticky":false,"template":"","format":"standard","meta":{"_joinchat":[],"footnotes":""},"categories":[4],"tags":[],"class_list":["post-24607","post","type-post","status-publish","format-standard","has-post-thumbnail","hentry","category-politicas-publicas"],"_links":{"self":[{"href":"https:\/\/www.elpolitologoyelpolitico.com.ar\/wordpress\/wp-json\/wp\/v2\/posts\/24607","targetHints":{"allow":["GET"]}}],"collection":[{"href":"https:\/\/www.elpolitologoyelpolitico.com.ar\/wordpress\/wp-json\/wp\/v2\/posts"}],"about":[{"href":"https:\/\/www.elpolitologoyelpolitico.com.ar\/wordpress\/wp-json\/wp\/v2\/types\/post"}],"author":[{"embeddable":true,"href":"https:\/\/www.elpolitologoyelpolitico.com.ar\/wordpress\/wp-json\/wp\/v2\/users\/4"}],"replies":[{"embeddable":true,"href":"https:\/\/www.elpolitologoyelpolitico.com.ar\/wordpress\/wp-json\/wp\/v2\/comments?post=24607"}],"version-history":[{"count":0,"href":"https:\/\/www.elpolitologoyelpolitico.com.ar\/wordpress\/wp-json\/wp\/v2\/posts\/24607\/revisions"}],"wp:featuredmedia":[{"embeddable":true,"href":"https:\/\/www.elpolitologoyelpolitico.com.ar\/wordpress\/wp-json\/wp\/v2\/media\/24608"}],"wp:attachment":[{"href":"https:\/\/www.elpolitologoyelpolitico.com.ar\/wordpress\/wp-json\/wp\/v2\/media?parent=24607"}],"wp:term":[{"taxonomy":"category","embeddable":true,"href":"https:\/\/www.elpolitologoyelpolitico.com.ar\/wordpress\/wp-json\/wp\/v2\/categories?post=24607"},{"taxonomy":"post_tag","embeddable":true,"href":"https:\/\/www.elpolitologoyelpolitico.com.ar\/wordpress\/wp-json\/wp\/v2\/tags?post=24607"}],"curies":[{"name":"wp","href":"https:\/\/api.w.org\/{rel}","templated":true}]}}