{"id":24603,"date":"2022-09-20T15:03:32","date_gmt":"2022-09-20T15:03:32","guid":{"rendered":"https:\/\/www.elpolitologoyelpolitico.com.ar\/wordpress\/?p=24603"},"modified":"2022-09-20T15:04:25","modified_gmt":"2022-09-20T15:04:25","slug":"se-viene-la-8va-edicion-de-la-fiesta-de-los-frutos-secos","status":"publish","type":"post","link":"https:\/\/www.elpolitologoyelpolitico.com.ar\/wordpress\/2022\/09\/20\/se-viene-la-8va-edicion-de-la-fiesta-de-los-frutos-secos\/","title":{"rendered":"Se viene la 8va edici\u00f3n de la Fiesta de los Frutos Secos"},"content":{"rendered":"\n<p>El 23, 24 y 25 de septiembre se llevar\u00e1 adelante la 8va Fiesta de los Frutos Secos con su segunda edici\u00f3n de car\u00e1cter provincial, en el Centro Municipal de Cultura.<\/p>\n\n\n\n<p>Con agenda de actividades, la fiesta comenzar\u00e1 el viernes 23 de septiembre a las 19hs con el acto inaugural.<\/p>\n\n\n\n<p>El s\u00e1bado 24 las actividades iniciar\u00e1n a las 11 con compra y venta de productos y desde las 15 habr\u00e1 propuestas en el patio, en el hall y en la sala Biagetti del Centro Cultural.<\/p>\n\n\n\n<p>Durante la jornada del s\u00e1bado habr\u00e1 cocina para ni\u00f1as y ni\u00f1os, demostraciones de cocina naturista, clases magistrales, cocteler\u00eda saludable y espect\u00e1culos culturales en vivo, con el Coro Municipal de Viedma, Georgina Herrera e Imanol Garcia.<\/p>\n\n\n\n<p>El domingo 25 de septiembre continuar\u00e1n los stands con compra y venta de frutos secos y desde las 11 se llevar\u00e1 adelante el Concurso del \u201cPan Viedma\u201d, actuar\u00e1n los Elencos Municipales con el Grupo de danzas Ra\u00edz Folkl\u00f3rica y Ensamble de M\u00fasica Popular Latinoamericana.<\/p>\n\n\n\n<p>Adem\u00e1s se presentar\u00e1 la Estancia Peumayen panificados, habr\u00e1 gastronom\u00eda Boliviana, actuar\u00e1 el grupo de Jazz \u201cSemijazz\u201d, Elencos Municipales con Grupo de danzas Ra\u00edz Folkl\u00f3rica y Ensamble de M\u00fasica Popular Latinoamericana.<\/p>\n\n\n\n<p>La Fiesta Provincial de los Frutos Secos es organizada a trav\u00e9s de los organismos e instituciones provinciales IDEVI, CREAR, Loteria de Rio Negro, Cluster de Frutos Secos de la Norpatagonia, INTA, el Ministerio de Producci\u00f3n y Agronomia, la Legislatura de Rio Negro, el MInisterio de Turismo y Deporte, Camara de Frutos Secos del Valle Inferior, la Fundaci\u00f3n Cocina Patagonica y el Gobierno de Viedma.<\/p>\n<div class=\"fb-background-color\">\n\t\t\t  <div \n\t\t\t  \tclass = \"fb-comments\" \n\t\t\t  \tdata-href = \"https:\/\/www.elpolitologoyelpolitico.com.ar\/wordpress\/2022\/09\/20\/se-viene-la-8va-edicion-de-la-fiesta-de-los-frutos-secos\/\"\n\t\t\t  \tdata-numposts = \"10\"\n\t\t\t  \tdata-lazy = \"true\"\n\t\t\t\tdata-colorscheme = \"light\"\n\t\t\t\tdata-order-by = \"social\"\n\t\t\t\tdata-mobile=true>\n\t\t\t  <\/div><\/div>\n\t\t  <style>\n\t\t    .fb-background-color {\n\t\t\t\tbackground: #ffffff !important;\n\t\t\t}\n\t\t\t.fb_iframe_widget_fluid_desktop iframe {\n\t\t\t    width: 100% !important;\n\t\t\t}\n\t\t  <\/style>\n\t\t  ","protected":false},"excerpt":{"rendered":"<p>El 23, 24 y 25 de septiembre se llevar\u00e1 adelante la 8va Fiesta de los Frutos Secos con su segunda edici\u00f3n de car\u00e1cter provincial, en el Centro Municipal de Cultura. Con agenda de actividades, la fiesta comenzar\u00e1 el viernes 23 de septiembre a las 19hs con el acto inaugural. El s\u00e1bado 24 las actividades iniciar\u00e1n [&hellip;]<\/p>\n","protected":false},"author":4,"featured_media":24604,"comment_status":"closed","ping_status":"closed","sticky":false,"template":"","format":"standard","meta":{"_joinchat":[],"footnotes":""},"categories":[39],"tags":[],"class_list":["post-24603","post","type-post","status-publish","format-standard","has-post-thumbnail","hentry","category-en-esta-seccion"],"_links":{"self":[{"href":"https:\/\/www.elpolitologoyelpolitico.com.ar\/wordpress\/wp-json\/wp\/v2\/posts\/24603","targetHints":{"allow":["GET"]}}],"collection":[{"href":"https:\/\/www.elpolitologoyelpolitico.com.ar\/wordpress\/wp-json\/wp\/v2\/posts"}],"about":[{"href":"https:\/\/www.elpolitologoyelpolitico.com.ar\/wordpress\/wp-json\/wp\/v2\/types\/post"}],"author":[{"embeddable":true,"href":"https:\/\/www.elpolitologoyelpolitico.com.ar\/wordpress\/wp-json\/wp\/v2\/users\/4"}],"replies":[{"embeddable":true,"href":"https:\/\/www.elpolitologoyelpolitico.com.ar\/wordpress\/wp-json\/wp\/v2\/comments?post=24603"}],"version-history":[{"count":0,"href":"https:\/\/www.elpolitologoyelpolitico.com.ar\/wordpress\/wp-json\/wp\/v2\/posts\/24603\/revisions"}],"wp:featuredmedia":[{"embeddable":true,"href":"https:\/\/www.elpolitologoyelpolitico.com.ar\/wordpress\/wp-json\/wp\/v2\/media\/24604"}],"wp:attachment":[{"href":"https:\/\/www.elpolitologoyelpolitico.com.ar\/wordpress\/wp-json\/wp\/v2\/media?parent=24603"}],"wp:term":[{"taxonomy":"category","embeddable":true,"href":"https:\/\/www.elpolitologoyelpolitico.com.ar\/wordpress\/wp-json\/wp\/v2\/categories?post=24603"},{"taxonomy":"post_tag","embeddable":true,"href":"https:\/\/www.elpolitologoyelpolitico.com.ar\/wordpress\/wp-json\/wp\/v2\/tags?post=24603"}],"curies":[{"name":"wp","href":"https:\/\/api.w.org\/{rel}","templated":true}]}}