{"id":24590,"date":"2022-09-20T14:30:50","date_gmt":"2022-09-20T14:30:50","guid":{"rendered":"https:\/\/www.elpolitologoyelpolitico.com.ar\/wordpress\/?p=24590"},"modified":"2022-09-20T14:31:28","modified_gmt":"2022-09-20T14:31:28","slug":"viedma-fue-sede-de-la-instancia-local-y-regional-de-los-encuentros-culturales-rionegrinos","status":"publish","type":"post","link":"https:\/\/www.elpolitologoyelpolitico.com.ar\/wordpress\/2022\/09\/20\/viedma-fue-sede-de-la-instancia-local-y-regional-de-los-encuentros-culturales-rionegrinos\/","title":{"rendered":"Viedma fue sede de la instancia local y regional de los Encuentros Culturales Rionegrinos"},"content":{"rendered":"\n<p>La Instancia Regional de los Encuentros Culturales Rionegrinos se llev\u00f3 adelante con m\u00e1s de 300 ni\u00f1os, ni\u00f1as, adolescentes y adultos mayores en el Centro Cultural de Viedma.<\/p>\n\n\n\n<p>Participaron de la jornada artistas de diferentes puntos de la regi\u00f3n atl\u00e1ntica como General Conesa, San Antonio Oeste, Sierra Grande, Viedma y Guardia Mitre, desplegando arte y talento sobre el escenario de la Sala Mayor.<\/p>\n\n\n\n<p>En una primera etapa, la instancia local de estos encuentros tambi\u00e9n se realiz\u00f3 en la Sala Mayor del Centro Cultural con m\u00e1s de 140 personas inscrpitas.<\/p>\n\n\n\n<p>Al respecto el Subsecretario de Cultura, Fernando Mantaras resalt\u00f3 que \u201cpara nosotros es un gran orgullo que el Centro Municipal de Cultura haya sido sede de la instancia local y regional, este programa no s\u00f3lo re\u00fane arte y cultura de diferentes puntos de la provincia, sino que tambi\u00e9n refuerza la identidad como rionegrinos, como viedmenses desde nuestro lugar\u201d<\/p>\n\n\n\n<p>La pr\u00f3xima instancia ser\u00e1 la final que se llevar\u00e1 adelante del 1 al 4 de noviembre en San Carlos de Bariloche.<\/p>\n\n\n\n<p>Los encuentros Culturales Rionegrinos son organizados y llevados adelante por la Secretar\u00eda de Estado de Cultura de la Provincia con el acompa\u00f1amiento de la Subsecretar\u00eda de Cultura del Gobierno de Viedma.<\/p>\n\n\n\n<figure class=\"wp-block-gallery has-nested-images columns-default is-cropped wp-block-gallery-1 is-layout-flex wp-block-gallery-is-layout-flex\">\n<figure class=\"wp-block-image size-large\"><img fetchpriority=\"high\" decoding=\"async\" width=\"720\" height=\"480\" data-id=\"24592\" src=\"https:\/\/www.elpolitologoyelpolitico.com.ar\/wp-content\/uploads\/2022\/09\/IMG-20220920-WA0011.jpg\" alt=\"\" class=\"wp-image-24592\" srcset=\"https:\/\/www.elpolitologoyelpolitico.com.ar\/wp-content\/uploads\/2022\/09\/IMG-20220920-WA0011.jpg 720w, https:\/\/www.elpolitologoyelpolitico.com.ar\/wp-content\/uploads\/2022\/09\/IMG-20220920-WA0011-300x200.jpg 300w\" sizes=\"(max-width: 720px) 100vw, 720px\" \/><\/figure>\n\n\n\n<figure class=\"wp-block-image size-large\"><img decoding=\"async\" width=\"720\" height=\"480\" data-id=\"24593\" src=\"https:\/\/www.elpolitologoyelpolitico.com.ar\/wp-content\/uploads\/2022\/09\/IMG-20220920-WA0010.jpg\" alt=\"\" class=\"wp-image-24593\" srcset=\"https:\/\/www.elpolitologoyelpolitico.com.ar\/wp-content\/uploads\/2022\/09\/IMG-20220920-WA0010.jpg 720w, https:\/\/www.elpolitologoyelpolitico.com.ar\/wp-content\/uploads\/2022\/09\/IMG-20220920-WA0010-300x200.jpg 300w\" sizes=\"(max-width: 720px) 100vw, 720px\" \/><\/figure>\n\n\n\n<figure class=\"wp-block-image size-large\"><img decoding=\"async\" width=\"720\" height=\"480\" data-id=\"24594\" src=\"https:\/\/www.elpolitologoyelpolitico.com.ar\/wp-content\/uploads\/2022\/09\/IMG-20220920-WA0009.jpg\" alt=\"\" class=\"wp-image-24594\" srcset=\"https:\/\/www.elpolitologoyelpolitico.com.ar\/wp-content\/uploads\/2022\/09\/IMG-20220920-WA0009.jpg 720w, https:\/\/www.elpolitologoyelpolitico.com.ar\/wp-content\/uploads\/2022\/09\/IMG-20220920-WA0009-300x200.jpg 300w\" sizes=\"(max-width: 720px) 100vw, 720px\" \/><\/figure>\n<\/figure>\n<div class=\"fb-background-color\">\n\t\t\t  <div \n\t\t\t  \tclass = \"fb-comments\" \n\t\t\t  \tdata-href = \"https:\/\/www.elpolitologoyelpolitico.com.ar\/wordpress\/2022\/09\/20\/viedma-fue-sede-de-la-instancia-local-y-regional-de-los-encuentros-culturales-rionegrinos\/\"\n\t\t\t  \tdata-numposts = \"10\"\n\t\t\t  \tdata-lazy = \"true\"\n\t\t\t\tdata-colorscheme = \"light\"\n\t\t\t\tdata-order-by = \"social\"\n\t\t\t\tdata-mobile=true>\n\t\t\t  <\/div><\/div>\n\t\t  <style>\n\t\t    .fb-background-color {\n\t\t\t\tbackground: #ffffff !important;\n\t\t\t}\n\t\t\t.fb_iframe_widget_fluid_desktop iframe {\n\t\t\t    width: 100% !important;\n\t\t\t}\n\t\t  <\/style>\n\t\t  ","protected":false},"excerpt":{"rendered":"<p>La Instancia Regional de los Encuentros Culturales Rionegrinos se llev\u00f3 adelante con m\u00e1s de 300 ni\u00f1os, ni\u00f1as, adolescentes y adultos mayores en el Centro Cultural de Viedma. Participaron de la jornada artistas de diferentes puntos de la regi\u00f3n atl\u00e1ntica como General Conesa, San Antonio Oeste, Sierra Grande, Viedma y Guardia Mitre, desplegando arte y talento [&hellip;]<\/p>\n","protected":false},"author":4,"featured_media":24591,"comment_status":"closed","ping_status":"closed","sticky":false,"template":"","format":"standard","meta":{"_joinchat":[],"footnotes":""},"categories":[39],"tags":[],"class_list":["post-24590","post","type-post","status-publish","format-standard","has-post-thumbnail","hentry","category-en-esta-seccion"],"_links":{"self":[{"href":"https:\/\/www.elpolitologoyelpolitico.com.ar\/wordpress\/wp-json\/wp\/v2\/posts\/24590","targetHints":{"allow":["GET"]}}],"collection":[{"href":"https:\/\/www.elpolitologoyelpolitico.com.ar\/wordpress\/wp-json\/wp\/v2\/posts"}],"about":[{"href":"https:\/\/www.elpolitologoyelpolitico.com.ar\/wordpress\/wp-json\/wp\/v2\/types\/post"}],"author":[{"embeddable":true,"href":"https:\/\/www.elpolitologoyelpolitico.com.ar\/wordpress\/wp-json\/wp\/v2\/users\/4"}],"replies":[{"embeddable":true,"href":"https:\/\/www.elpolitologoyelpolitico.com.ar\/wordpress\/wp-json\/wp\/v2\/comments?post=24590"}],"version-history":[{"count":0,"href":"https:\/\/www.elpolitologoyelpolitico.com.ar\/wordpress\/wp-json\/wp\/v2\/posts\/24590\/revisions"}],"wp:featuredmedia":[{"embeddable":true,"href":"https:\/\/www.elpolitologoyelpolitico.com.ar\/wordpress\/wp-json\/wp\/v2\/media\/24591"}],"wp:attachment":[{"href":"https:\/\/www.elpolitologoyelpolitico.com.ar\/wordpress\/wp-json\/wp\/v2\/media?parent=24590"}],"wp:term":[{"taxonomy":"category","embeddable":true,"href":"https:\/\/www.elpolitologoyelpolitico.com.ar\/wordpress\/wp-json\/wp\/v2\/categories?post=24590"},{"taxonomy":"post_tag","embeddable":true,"href":"https:\/\/www.elpolitologoyelpolitico.com.ar\/wordpress\/wp-json\/wp\/v2\/tags?post=24590"}],"curies":[{"name":"wp","href":"https:\/\/api.w.org\/{rel}","templated":true}]}}