{"id":24578,"date":"2022-09-20T12:38:28","date_gmt":"2022-09-20T12:38:28","guid":{"rendered":"https:\/\/www.elpolitologoyelpolitico.com.ar\/wordpress\/?p=24578"},"modified":"2022-09-20T12:39:27","modified_gmt":"2022-09-20T12:39:27","slug":"solicitan-la-reparacion-del-acceso-a-pradere","status":"publish","type":"post","link":"https:\/\/www.elpolitologoyelpolitico.com.ar\/wordpress\/2022\/09\/20\/solicitan-la-reparacion-del-acceso-a-pradere\/","title":{"rendered":"Solicitan la reparaci\u00f3n del acceso a Pradere."},"content":{"rendered":"\n<p>Mediante una Minuta de Comunicaci\u00f3n, el bloque de Concejales del Frente de Todos de Patagones, solicita al Poder Ejecutivo Municipal, realizar la reparaci\u00f3n en su totalidad de los baches que hay en el acceso a la localidad de J.A.Pradere.<\/p>\n\n\n\n<p>El deterioro causado por por el tr\u00e1nsito e inclemencias clim\u00e1tologicas, produjeron baches que causan un grave peligro para los conductores y transe\u00fantes de la localidad. El objetivo de \u00e9sta iniciativa es prevenir posibles accidentes.<\/p>\n\n\n\n<p>JUBILADOS MUNICIPALES.<\/p>\n\n\n\n<p>En virtud de que en el \u00faltimo convenio colectivo de trabajo, en el cu\u00e1l los Jubilados Municipales de Patagones, se vieron perjudicados, al no recibir ning\u00fan tipo de aumento en el primer semestre del a\u00f1o, el bloque de Concejales del FdT. mediante un Proyecto de Ordenanza,\u00a0 solicita la modificaci\u00f3n del art.52\u00b0 de la ordenanza 2148, lo que implica que se incorpore a un Jubilado Municipal a la mesa de trabajo de cada sindicato para las pr\u00f3ximas negociaciones paritarias que se llevar\u00e1n a cabo.<\/p>\n\n\n\n<p>La iniciativa est\u00e1 relacionada con el plante\u00f3 de los propios jubilados municipales en una sesi\u00f3n ordinaria pasada, y donde el HCD. tom\u00f3 el compromiso de la modificaci\u00f3n del mencionado articulado, para que el sector de jubilados pueda participar de las pr\u00f3ximas negociaciones paritarias.<\/p>\n\n\n\n<p>Finalmente cabe destacar, que los gremios estar\u00edan de acuerdo con las modificaciones planteadas.<\/p>\n\n\n\n<figure class=\"wp-block-image size-full\"><img fetchpriority=\"high\" decoding=\"async\" width=\"864\" height=\"984\" src=\"https:\/\/www.elpolitologoyelpolitico.com.ar\/wp-content\/uploads\/2022\/09\/IMG-20220920-WA0002.jpg\" alt=\"\" class=\"wp-image-24580\" srcset=\"https:\/\/www.elpolitologoyelpolitico.com.ar\/wp-content\/uploads\/2022\/09\/IMG-20220920-WA0002.jpg 864w, https:\/\/www.elpolitologoyelpolitico.com.ar\/wp-content\/uploads\/2022\/09\/IMG-20220920-WA0002-263x300.jpg 263w, https:\/\/www.elpolitologoyelpolitico.com.ar\/wp-content\/uploads\/2022\/09\/IMG-20220920-WA0002-768x875.jpg 768w\" sizes=\"(max-width: 864px) 100vw, 864px\" \/><\/figure>\n<div class=\"fb-background-color\">\n\t\t\t  <div \n\t\t\t  \tclass = \"fb-comments\" \n\t\t\t  \tdata-href = \"https:\/\/www.elpolitologoyelpolitico.com.ar\/wordpress\/2022\/09\/20\/solicitan-la-reparacion-del-acceso-a-pradere\/\"\n\t\t\t  \tdata-numposts = \"10\"\n\t\t\t  \tdata-lazy = \"true\"\n\t\t\t\tdata-colorscheme = \"light\"\n\t\t\t\tdata-order-by = \"social\"\n\t\t\t\tdata-mobile=true>\n\t\t\t  <\/div><\/div>\n\t\t  <style>\n\t\t    .fb-background-color {\n\t\t\t\tbackground: #ffffff !important;\n\t\t\t}\n\t\t\t.fb_iframe_widget_fluid_desktop iframe {\n\t\t\t    width: 100% !important;\n\t\t\t}\n\t\t  <\/style>\n\t\t  ","protected":false},"excerpt":{"rendered":"<p>Mediante una Minuta de Comunicaci\u00f3n, el bloque de Concejales del Frente de Todos de Patagones, solicita al Poder Ejecutivo Municipal, realizar la reparaci\u00f3n en su totalidad de los baches que hay en el acceso a la localidad de J.A.Pradere. El deterioro causado por por el tr\u00e1nsito e inclemencias clim\u00e1tologicas, produjeron baches que causan un grave [&hellip;]<\/p>\n","protected":false},"author":4,"featured_media":24579,"comment_status":"closed","ping_status":"closed","sticky":false,"template":"","format":"standard","meta":{"_joinchat":[],"footnotes":""},"categories":[39],"tags":[],"class_list":["post-24578","post","type-post","status-publish","format-standard","has-post-thumbnail","hentry","category-en-esta-seccion"],"_links":{"self":[{"href":"https:\/\/www.elpolitologoyelpolitico.com.ar\/wordpress\/wp-json\/wp\/v2\/posts\/24578","targetHints":{"allow":["GET"]}}],"collection":[{"href":"https:\/\/www.elpolitologoyelpolitico.com.ar\/wordpress\/wp-json\/wp\/v2\/posts"}],"about":[{"href":"https:\/\/www.elpolitologoyelpolitico.com.ar\/wordpress\/wp-json\/wp\/v2\/types\/post"}],"author":[{"embeddable":true,"href":"https:\/\/www.elpolitologoyelpolitico.com.ar\/wordpress\/wp-json\/wp\/v2\/users\/4"}],"replies":[{"embeddable":true,"href":"https:\/\/www.elpolitologoyelpolitico.com.ar\/wordpress\/wp-json\/wp\/v2\/comments?post=24578"}],"version-history":[{"count":0,"href":"https:\/\/www.elpolitologoyelpolitico.com.ar\/wordpress\/wp-json\/wp\/v2\/posts\/24578\/revisions"}],"wp:featuredmedia":[{"embeddable":true,"href":"https:\/\/www.elpolitologoyelpolitico.com.ar\/wordpress\/wp-json\/wp\/v2\/media\/24579"}],"wp:attachment":[{"href":"https:\/\/www.elpolitologoyelpolitico.com.ar\/wordpress\/wp-json\/wp\/v2\/media?parent=24578"}],"wp:term":[{"taxonomy":"category","embeddable":true,"href":"https:\/\/www.elpolitologoyelpolitico.com.ar\/wordpress\/wp-json\/wp\/v2\/categories?post=24578"},{"taxonomy":"post_tag","embeddable":true,"href":"https:\/\/www.elpolitologoyelpolitico.com.ar\/wordpress\/wp-json\/wp\/v2\/tags?post=24578"}],"curies":[{"name":"wp","href":"https:\/\/api.w.org\/{rel}","templated":true}]}}