{"id":24574,"date":"2022-09-20T00:45:59","date_gmt":"2022-09-20T00:45:59","guid":{"rendered":"https:\/\/www.elpolitologoyelpolitico.com.ar\/wordpress\/?p=24574"},"modified":"2022-09-20T00:47:47","modified_gmt":"2022-09-20T00:47:47","slug":"siete-son-los-candidatos-para-defensor-a-del-pueblo","status":"publish","type":"post","link":"https:\/\/www.elpolitologoyelpolitico.com.ar\/wordpress\/2022\/09\/20\/siete-son-los-candidatos-para-defensor-a-del-pueblo\/","title":{"rendered":"Siete son los candidatos para Defensor\/a del Pueblo"},"content":{"rendered":"\n<p>El Deliberante ya cuenta con el Listado de Postulantes Definitivo para cubrir el cargo a Defensor \/a del Pueblo Municipal de la ciudad de Viedma, emitido por la Comisi\u00f3n de Gobierno, mediante Dictamen fundado.<\/p>\n\n\n\n<p>Finalizado el per\u00edodo de an\u00e1lisis de cada una de las propuestas presentadas, la Comisi\u00f3n de Gobierno inform\u00f3 en horas de la ma\u00f1ana la conformaci\u00f3n del listado definitivo de los y las postulantes que a continuaci\u00f3n se detallan. Cabe aclarar que el mismo se encuentra por orden alfab\u00e9tico:<\/p>\n\n\n\n<p>&#8211; ANDRIA, Mar\u00eda Elena<\/p>\n\n\n\n<p>&#8211; BADIE, Daniel Antonio&nbsp;<\/p>\n\n\n\n<p>&#8211; JOFRE, Nora Nancy&nbsp;<\/p>\n\n\n\n<p>&#8211; MATAR, Susana Beatriz<\/p>\n\n\n\n<p>-PEREZ MORANDO, Marin<\/p>\n\n\n\n<p>&#8211; RANDAZZO MENENDEZ, Cristian Mart\u00edn&nbsp;<\/p>\n\n\n\n<p>&#8211; SOSA, Claudia Susana&nbsp;<\/p>\n\n\n\n<p>Los\/las inscriptos\/as podr\u00e1n retirar el Informe Fundado de la Comisi\u00f3n de Gobierno, en el Concejo Deliberante ubicado en calle Buenos Aires Nro. 320, de Lunes a Viernes de 9:00 a 13:00 hs.<\/p>\n\n\n\n<p>As\u00ed mismo se informa que el periodo de impugnaci\u00f3n, comenzar\u00e1 el d\u00eda 22 de septiembre, posterior a los tres d\u00edas de publicaci\u00f3n del listado, y por cinco d\u00edas h\u00e1biles.<\/p>\n\n\n\n<p><strong>Proceso de Impugnaciones<\/strong><\/p>\n\n\n\n<p>\u201cCualquier ciudadano tendr\u00e1 derecho a realizarlas y deber\u00e1n ser recepcionadas por Mesa de Entradas del Concejo Deliberante de la ciudad de Viedma en horario h\u00e1bil administrativo. La presentaci\u00f3n ser\u00e1 debidamente fundada, mediante nota firmada, aclarando nombre y apellido completo, documento y domicilio. Transcurrido el plazo previsto para la formulaci\u00f3n de impugnaciones, las mismas ser\u00e1n analizadas y dictaminadas por la Comisi\u00f3n de Gobierno, quien deber\u00e1 rechazarlas y\/o aceptarlas en un plazo de cinco (5) d\u00edas h\u00e1biles, pudiendo producir las pruebas que estime conveniente en pos de garantizar al impugnado el derecho a efectuar su defensa\u201d. (Resoluci\u00f3n 189\/22 Art. 3\u00b0)<\/p>\n<div class=\"fb-background-color\">\n\t\t\t  <div \n\t\t\t  \tclass = \"fb-comments\" \n\t\t\t  \tdata-href = \"https:\/\/www.elpolitologoyelpolitico.com.ar\/wordpress\/2022\/09\/20\/siete-son-los-candidatos-para-defensor-a-del-pueblo\/\"\n\t\t\t  \tdata-numposts = \"10\"\n\t\t\t  \tdata-lazy = \"true\"\n\t\t\t\tdata-colorscheme = \"light\"\n\t\t\t\tdata-order-by = \"social\"\n\t\t\t\tdata-mobile=true>\n\t\t\t  <\/div><\/div>\n\t\t  <style>\n\t\t    .fb-background-color {\n\t\t\t\tbackground: #ffffff !important;\n\t\t\t}\n\t\t\t.fb_iframe_widget_fluid_desktop iframe {\n\t\t\t    width: 100% !important;\n\t\t\t}\n\t\t  <\/style>\n\t\t  ","protected":false},"excerpt":{"rendered":"<p>El Deliberante ya cuenta con el Listado de Postulantes Definitivo para cubrir el cargo a Defensor \/a del Pueblo Municipal de la ciudad de Viedma, emitido por la Comisi\u00f3n de Gobierno, mediante Dictamen fundado. Finalizado el per\u00edodo de an\u00e1lisis de cada una de las propuestas presentadas, la Comisi\u00f3n de Gobierno inform\u00f3 en horas de la [&hellip;]<\/p>\n","protected":false},"author":4,"featured_media":24575,"comment_status":"closed","ping_status":"closed","sticky":false,"template":"","format":"standard","meta":{"_joinchat":[],"footnotes":""},"categories":[39],"tags":[],"class_list":["post-24574","post","type-post","status-publish","format-standard","has-post-thumbnail","hentry","category-en-esta-seccion"],"_links":{"self":[{"href":"https:\/\/www.elpolitologoyelpolitico.com.ar\/wordpress\/wp-json\/wp\/v2\/posts\/24574","targetHints":{"allow":["GET"]}}],"collection":[{"href":"https:\/\/www.elpolitologoyelpolitico.com.ar\/wordpress\/wp-json\/wp\/v2\/posts"}],"about":[{"href":"https:\/\/www.elpolitologoyelpolitico.com.ar\/wordpress\/wp-json\/wp\/v2\/types\/post"}],"author":[{"embeddable":true,"href":"https:\/\/www.elpolitologoyelpolitico.com.ar\/wordpress\/wp-json\/wp\/v2\/users\/4"}],"replies":[{"embeddable":true,"href":"https:\/\/www.elpolitologoyelpolitico.com.ar\/wordpress\/wp-json\/wp\/v2\/comments?post=24574"}],"version-history":[{"count":0,"href":"https:\/\/www.elpolitologoyelpolitico.com.ar\/wordpress\/wp-json\/wp\/v2\/posts\/24574\/revisions"}],"wp:featuredmedia":[{"embeddable":true,"href":"https:\/\/www.elpolitologoyelpolitico.com.ar\/wordpress\/wp-json\/wp\/v2\/media\/24575"}],"wp:attachment":[{"href":"https:\/\/www.elpolitologoyelpolitico.com.ar\/wordpress\/wp-json\/wp\/v2\/media?parent=24574"}],"wp:term":[{"taxonomy":"category","embeddable":true,"href":"https:\/\/www.elpolitologoyelpolitico.com.ar\/wordpress\/wp-json\/wp\/v2\/categories?post=24574"},{"taxonomy":"post_tag","embeddable":true,"href":"https:\/\/www.elpolitologoyelpolitico.com.ar\/wordpress\/wp-json\/wp\/v2\/tags?post=24574"}],"curies":[{"name":"wp","href":"https:\/\/api.w.org\/{rel}","templated":true}]}}