{"id":24549,"date":"2022-09-19T20:56:20","date_gmt":"2022-09-19T20:56:20","guid":{"rendered":"https:\/\/www.elpolitologoyelpolitico.com.ar\/wordpress\/?p=24549"},"modified":"2022-09-19T20:56:47","modified_gmt":"2022-09-19T20:56:47","slug":"el-cerro-perito-moreno-sigue-creciendo-para-el-disfrute-de-los-turistas","status":"publish","type":"post","link":"https:\/\/www.elpolitologoyelpolitico.com.ar\/wordpress\/2022\/09\/19\/el-cerro-perito-moreno-sigue-creciendo-para-el-disfrute-de-los-turistas\/","title":{"rendered":"El Cerro Perito Moreno sigue creciendo para el disfrute de los turistas"},"content":{"rendered":"\n<p>Se inaugur\u00f3 este s\u00e1bado un nuevo teleski ubicado en la zona oeste del centro de esqu\u00ed de El Bols\u00f3n.<\/p>\n\n\n\n<p>El evento cont\u00f3 con la presencia de funcionarios y funcionarias provinciales, municipales, sector privado e instituciones intermedias. La empresa visibiliz\u00f3 el crecimiento exponencial del complejo.<\/p>\n\n\n\n<p>Se trata de una nueva inversi\u00f3n privada de Laderas, la firma que tiene la concesi\u00f3n, para jerarquizar los servicios que se prestan&nbsp; a esquiadores y snowboardistas que eligen El Bols\u00f3n en esta temporada de nieve que se extender\u00e1 hasta el 10 de octubre en el Cerro. Esto se debe a las recientes ca\u00eddas de nieve que contin\u00faan brindando seguridad y disfrute a los miles de turistas nacionales y extranjeros que visitan el centro invernal.<\/p>\n\n\n\n<p>La inauguraci\u00f3n cont\u00f3 con el acompa\u00f1amiento de la ministra de Turismo y Deporte, Martha V\u00e9lez; el intendente de El Bols\u00f3n, Bruno Pogliano; la legisladora Adriana del Agua; el directorio de la firma Laderas; el secretario de Desarrollo Sostenible, Diego Cannestraci y autoridades provinciales, municipales, C\u00e1mara de Turismo, sector privado y medios de prensa.<\/p>\n\n\n\n<p>En este sentido, la ministra V\u00e9lez expres\u00f3 que \u201ces admirable todo el esfuerzo y trabajo que ha llevado adelante la empresa desde 2011 hasta la fecha. La \u00fanica manera de que El Bols\u00f3n contin\u00fae potenciado su temporada de invierno, es en conjunto, entre todos los sectores y por supuesto con el acompa\u00f1amiento del Gobierno de R\u00edo Negro. El destino cuenta con una gran potencial durante todo el a\u00f1o y es lo que vamos contando en las diversas acciones promocionales que el Ministerio de Turismo y Deporte en el pa\u00eds y el extranjero\u00bb.<\/p>\n\n\n\n<p>Con estas mejoras, el Centro de Esqu\u00ed se sigue posicionando como el centro de deportes invernales que m\u00e1s ha crecido durante el \u00faltimo lustro en Sudam\u00e9rica y se ubica entre los cinco m\u00e1s grandes del continente. Adem\u00e1s, con las nuevas pistas, casi duplicar\u00e1 su extensi\u00f3n esquiable con respecto a la del a\u00f1o pasado, pasando de 13 a 23 kil\u00f3metros, los cuales ya estuvieron habilitados durante este invierno para el disfrute de lo que fue una temporada con cifras hist\u00f3ricas para la localidad cordillerana.<\/p>\n\n\n\n<p>El nuevo Teleski del Oeste alcanza la mayor altura de remonte hasta el momento, llegando a los 1.736 metros sobre el nivel del mar y permite que la cantidad de medios de elevaci\u00f3n en la monta\u00f1a se aumente a diez. De esta forma, se consigue una mejora estrat\u00e9gica en la distribuci\u00f3n de los esquiadores en las diferentes zonas del cerro y la capacidad de elevaci\u00f3n se incrementa de 6600 a 7200 personas\/hora.<\/p>\n\n\n\n<p>Adem\u00e1s, para esta temporada, las pistas tambi\u00e9n tuvieron un fuerte trabajo de reacondicionamiento: la pista El C\u00f3ndor, mediante el uso de retroexcavadora y martillo neum\u00e1tico, qued\u00f3 limpia de rocas. Con esta mejora, la cantidad y calidad de pistas azules permite una excelente progresi\u00f3n t\u00e9cnica para los principiantes, y les otorga fundamento a las inversiones realizadas en cumplimiento de cada hito del plan de mejoras que lleva adelante el Cerro.<\/p>\n\n\n\n<p>Por otra parte, y en relaci\u00f3n con otras mejoras en la infraestructura, se inaugur\u00f3 el Jard\u00edn de Nieve para los m\u00e1s peque\u00f1os de la escuela de Esqu\u00ed y Snowboard y se ampli\u00f3 la confiter\u00eda de la cota 1.700 m, consolidando la nueva \u00e1rea de principiantes del Plateau. A su vez, en la cota 1.400 m, se instal\u00f3 un nuevo rental, lo que permite duplicar la oferta de equipos y gestionar de mejor manera el servicio.<\/p>\n\n\n\n<p>Sent\u00ed la primavera esquiando<\/p>\n\n\n\n<p>Debido a las grandes nevadas que azotaron a la Regi\u00f3n Andina durante el invierno, la presencia del producto nieve en las cumbres de los centros de esqu\u00ed rionegrinos se extendi\u00f3 hasta este mes de septiembre, lo que genera una oportunidad \u00fanica de disfrutar de esta actividad con el acompa\u00f1amiento del sol y del verde de la vegetaci\u00f3n que vuelve a florecer en esta \u00e9poca del a\u00f1o.<\/p>\n\n\n\n<p>En este sentido, el Cerro Perito Moreno tendr\u00e1 sus puertas abiertas durante todo el pr\u00f3ximo mes, con 16 pistas esquiables listas para el disfrute de expertos y principiantes, en circuitos que cautivan todos los a\u00f1os por un atractivo singular brindado por el m\u00e1gico manto blanco de la nieve.<\/p>\n\n\n\n<p>A su vez, tanto las escuelas y jardines de nieve como los refugios, excursiones en raquetas, bajadas en trineo y puntos gastron\u00f3micos de la base tambi\u00e9n estar\u00e1n en funcionamiento, dando m\u00faltiples opciones para todo aquel que busque en el Cerro una experiencia diferente al esqu\u00ed.<\/p>\n\n\n\n<figure class=\"wp-block-gallery has-nested-images columns-default is-cropped wp-block-gallery-1 is-layout-flex wp-block-gallery-is-layout-flex\">\n<figure class=\"wp-block-image size-large\"><img fetchpriority=\"high\" decoding=\"async\" width=\"1024\" height=\"575\" data-id=\"24551\" src=\"https:\/\/www.elpolitologoyelpolitico.com.ar\/wp-content\/uploads\/2022\/09\/IMG-20220918-WA0020-1024x575.jpg\" alt=\"\" class=\"wp-image-24551\" srcset=\"https:\/\/www.elpolitologoyelpolitico.com.ar\/wp-content\/uploads\/2022\/09\/IMG-20220918-WA0020-1024x575.jpg 1024w, https:\/\/www.elpolitologoyelpolitico.com.ar\/wp-content\/uploads\/2022\/09\/IMG-20220918-WA0020-300x169.jpg 300w, https:\/\/www.elpolitologoyelpolitico.com.ar\/wp-content\/uploads\/2022\/09\/IMG-20220918-WA0020-768x431.jpg 768w, https:\/\/www.elpolitologoyelpolitico.com.ar\/wp-content\/uploads\/2022\/09\/IMG-20220918-WA0020.jpg 1280w\" sizes=\"(max-width: 1024px) 100vw, 1024px\" \/><\/figure>\n\n\n\n<figure class=\"wp-block-image size-large\"><img decoding=\"async\" width=\"1024\" height=\"575\" data-id=\"24552\" src=\"https:\/\/www.elpolitologoyelpolitico.com.ar\/wp-content\/uploads\/2022\/09\/IMG-20220918-WA0019-1024x575.jpg\" alt=\"\" class=\"wp-image-24552\" srcset=\"https:\/\/www.elpolitologoyelpolitico.com.ar\/wp-content\/uploads\/2022\/09\/IMG-20220918-WA0019-1024x575.jpg 1024w, https:\/\/www.elpolitologoyelpolitico.com.ar\/wp-content\/uploads\/2022\/09\/IMG-20220918-WA0019-300x169.jpg 300w, https:\/\/www.elpolitologoyelpolitico.com.ar\/wp-content\/uploads\/2022\/09\/IMG-20220918-WA0019-768x431.jpg 768w, https:\/\/www.elpolitologoyelpolitico.com.ar\/wp-content\/uploads\/2022\/09\/IMG-20220918-WA0019.jpg 1280w\" sizes=\"(max-width: 1024px) 100vw, 1024px\" \/><\/figure>\n<\/figure>\n<div class=\"fb-background-color\">\n\t\t\t  <div \n\t\t\t  \tclass = \"fb-comments\" \n\t\t\t  \tdata-href = \"https:\/\/www.elpolitologoyelpolitico.com.ar\/wordpress\/2022\/09\/19\/el-cerro-perito-moreno-sigue-creciendo-para-el-disfrute-de-los-turistas\/\"\n\t\t\t  \tdata-numposts = \"10\"\n\t\t\t  \tdata-lazy = \"true\"\n\t\t\t\tdata-colorscheme = \"light\"\n\t\t\t\tdata-order-by = \"social\"\n\t\t\t\tdata-mobile=true>\n\t\t\t  <\/div><\/div>\n\t\t  <style>\n\t\t    .fb-background-color {\n\t\t\t\tbackground: #ffffff !important;\n\t\t\t}\n\t\t\t.fb_iframe_widget_fluid_desktop iframe {\n\t\t\t    width: 100% !important;\n\t\t\t}\n\t\t  <\/style>\n\t\t  ","protected":false},"excerpt":{"rendered":"<p>Se inaugur\u00f3 este s\u00e1bado un nuevo teleski ubicado en la zona oeste del centro de esqu\u00ed de El Bols\u00f3n. El evento cont\u00f3 con la presencia de funcionarios y funcionarias provinciales, municipales, sector privado e instituciones intermedias. La empresa visibiliz\u00f3 el crecimiento exponencial del complejo. Se trata de una nueva inversi\u00f3n privada de Laderas, la firma [&hellip;]<\/p>\n","protected":false},"author":4,"featured_media":24550,"comment_status":"closed","ping_status":"closed","sticky":false,"template":"","format":"standard","meta":{"_joinchat":[],"footnotes":""},"categories":[4],"tags":[],"class_list":["post-24549","post","type-post","status-publish","format-standard","has-post-thumbnail","hentry","category-politicas-publicas"],"_links":{"self":[{"href":"https:\/\/www.elpolitologoyelpolitico.com.ar\/wordpress\/wp-json\/wp\/v2\/posts\/24549","targetHints":{"allow":["GET"]}}],"collection":[{"href":"https:\/\/www.elpolitologoyelpolitico.com.ar\/wordpress\/wp-json\/wp\/v2\/posts"}],"about":[{"href":"https:\/\/www.elpolitologoyelpolitico.com.ar\/wordpress\/wp-json\/wp\/v2\/types\/post"}],"author":[{"embeddable":true,"href":"https:\/\/www.elpolitologoyelpolitico.com.ar\/wordpress\/wp-json\/wp\/v2\/users\/4"}],"replies":[{"embeddable":true,"href":"https:\/\/www.elpolitologoyelpolitico.com.ar\/wordpress\/wp-json\/wp\/v2\/comments?post=24549"}],"version-history":[{"count":0,"href":"https:\/\/www.elpolitologoyelpolitico.com.ar\/wordpress\/wp-json\/wp\/v2\/posts\/24549\/revisions"}],"wp:featuredmedia":[{"embeddable":true,"href":"https:\/\/www.elpolitologoyelpolitico.com.ar\/wordpress\/wp-json\/wp\/v2\/media\/24550"}],"wp:attachment":[{"href":"https:\/\/www.elpolitologoyelpolitico.com.ar\/wordpress\/wp-json\/wp\/v2\/media?parent=24549"}],"wp:term":[{"taxonomy":"category","embeddable":true,"href":"https:\/\/www.elpolitologoyelpolitico.com.ar\/wordpress\/wp-json\/wp\/v2\/categories?post=24549"},{"taxonomy":"post_tag","embeddable":true,"href":"https:\/\/www.elpolitologoyelpolitico.com.ar\/wordpress\/wp-json\/wp\/v2\/tags?post=24549"}],"curies":[{"name":"wp","href":"https:\/\/api.w.org\/{rel}","templated":true}]}}