{"id":24543,"date":"2022-09-19T16:45:46","date_gmt":"2022-09-19T16:45:46","guid":{"rendered":"https:\/\/www.elpolitologoyelpolitico.com.ar\/wordpress\/?p=24543"},"modified":"2022-09-19T16:46:19","modified_gmt":"2022-09-19T16:46:19","slug":"el-intendente-zara-acompano-el-seminario-de-danzas-folkloricas-con-el-profesor-daniel-romero","status":"publish","type":"post","link":"https:\/\/www.elpolitologoyelpolitico.com.ar\/wordpress\/2022\/09\/19\/el-intendente-zara-acompano-el-seminario-de-danzas-folkloricas-con-el-profesor-daniel-romero\/","title":{"rendered":"El Intendente Zara acompa\u00f1\u00f3 el Seminario de Danzas Folkl\u00f3ricas con el profesor Daniel Romero"},"content":{"rendered":"\n<p>Este viernes, el Intendente Municipal, junto al Secretario de Desarrollo Social, Leandro Merlo Ezcurra, visit\u00f3 la Corporaci\u00f3n de Comercio de Carmen de Patagones, en el marco del Seminario de Danzas Folkl\u00f3ricas, organizado por la profesora de Danzas, Cristina Capillas.&nbsp;<\/p>\n\n\n\n<p>La jornada fue auspiciada por la Direcci\u00f3n de Cultura y cont\u00f3 con la presencia del Director y Fundador del Instituto de Arte Folkl\u00f3rica \u00abMart\u00edn Guerrero\u00bb, de la ciudad de C\u00f3rdoba, Prof. Daniel Romero.&nbsp;<\/p>\n\n\n\n<p>La capacitaci\u00f3n cont\u00f3 con una importante concurrencia y se abordaron, entre otros temas; zamba regional, danzas folkl\u00f3ricas en los actos escolares, las danzas recopiladas de \u00abDon Andr\u00e9s Chazarreta\u00bb, etc.<\/p>\n\n\n\n<figure class=\"wp-block-image size-full\"><img fetchpriority=\"high\" decoding=\"async\" width=\"720\" height=\"320\" src=\"https:\/\/www.elpolitologoyelpolitico.com.ar\/wp-content\/uploads\/2022\/09\/IMG-20220918-WA0003-1.jpg\" alt=\"\" class=\"wp-image-24546\" srcset=\"https:\/\/www.elpolitologoyelpolitico.com.ar\/wp-content\/uploads\/2022\/09\/IMG-20220918-WA0003-1.jpg 720w, https:\/\/www.elpolitologoyelpolitico.com.ar\/wp-content\/uploads\/2022\/09\/IMG-20220918-WA0003-1-300x133.jpg 300w\" sizes=\"(max-width: 720px) 100vw, 720px\" \/><\/figure>\n<div class=\"fb-background-color\">\n\t\t\t  <div \n\t\t\t  \tclass = \"fb-comments\" \n\t\t\t  \tdata-href = \"https:\/\/www.elpolitologoyelpolitico.com.ar\/wordpress\/2022\/09\/19\/el-intendente-zara-acompano-el-seminario-de-danzas-folkloricas-con-el-profesor-daniel-romero\/\"\n\t\t\t  \tdata-numposts = \"10\"\n\t\t\t  \tdata-lazy = \"true\"\n\t\t\t\tdata-colorscheme = \"light\"\n\t\t\t\tdata-order-by = \"social\"\n\t\t\t\tdata-mobile=true>\n\t\t\t  <\/div><\/div>\n\t\t  <style>\n\t\t    .fb-background-color {\n\t\t\t\tbackground: #ffffff !important;\n\t\t\t}\n\t\t\t.fb_iframe_widget_fluid_desktop iframe {\n\t\t\t    width: 100% !important;\n\t\t\t}\n\t\t  <\/style>\n\t\t  ","protected":false},"excerpt":{"rendered":"<p>Este viernes, el Intendente Municipal, junto al Secretario de Desarrollo Social, Leandro Merlo Ezcurra, visit\u00f3 la Corporaci\u00f3n de Comercio de Carmen de Patagones, en el marco del Seminario de Danzas Folkl\u00f3ricas, organizado por la profesora de Danzas, Cristina Capillas.&nbsp; La jornada fue auspiciada por la Direcci\u00f3n de Cultura y cont\u00f3 con la presencia del Director [&hellip;]<\/p>\n","protected":false},"author":4,"featured_media":24545,"comment_status":"closed","ping_status":"closed","sticky":false,"template":"","format":"standard","meta":{"_joinchat":[],"footnotes":""},"categories":[39],"tags":[],"class_list":["post-24543","post","type-post","status-publish","format-standard","has-post-thumbnail","hentry","category-en-esta-seccion"],"_links":{"self":[{"href":"https:\/\/www.elpolitologoyelpolitico.com.ar\/wordpress\/wp-json\/wp\/v2\/posts\/24543","targetHints":{"allow":["GET"]}}],"collection":[{"href":"https:\/\/www.elpolitologoyelpolitico.com.ar\/wordpress\/wp-json\/wp\/v2\/posts"}],"about":[{"href":"https:\/\/www.elpolitologoyelpolitico.com.ar\/wordpress\/wp-json\/wp\/v2\/types\/post"}],"author":[{"embeddable":true,"href":"https:\/\/www.elpolitologoyelpolitico.com.ar\/wordpress\/wp-json\/wp\/v2\/users\/4"}],"replies":[{"embeddable":true,"href":"https:\/\/www.elpolitologoyelpolitico.com.ar\/wordpress\/wp-json\/wp\/v2\/comments?post=24543"}],"version-history":[{"count":0,"href":"https:\/\/www.elpolitologoyelpolitico.com.ar\/wordpress\/wp-json\/wp\/v2\/posts\/24543\/revisions"}],"wp:featuredmedia":[{"embeddable":true,"href":"https:\/\/www.elpolitologoyelpolitico.com.ar\/wordpress\/wp-json\/wp\/v2\/media\/24545"}],"wp:attachment":[{"href":"https:\/\/www.elpolitologoyelpolitico.com.ar\/wordpress\/wp-json\/wp\/v2\/media?parent=24543"}],"wp:term":[{"taxonomy":"category","embeddable":true,"href":"https:\/\/www.elpolitologoyelpolitico.com.ar\/wordpress\/wp-json\/wp\/v2\/categories?post=24543"},{"taxonomy":"post_tag","embeddable":true,"href":"https:\/\/www.elpolitologoyelpolitico.com.ar\/wordpress\/wp-json\/wp\/v2\/tags?post=24543"}],"curies":[{"name":"wp","href":"https:\/\/api.w.org\/{rel}","templated":true}]}}