{"id":24539,"date":"2022-09-19T15:02:07","date_gmt":"2022-09-19T15:02:07","guid":{"rendered":"https:\/\/www.elpolitologoyelpolitico.com.ar\/wordpress\/?p=24539"},"modified":"2022-09-19T15:03:51","modified_gmt":"2022-09-19T15:03:51","slug":"trabajan-para-conformar-mesa-de-dialogo-con-las-dos-seccionales-de-la-cgt","status":"publish","type":"post","link":"https:\/\/www.elpolitologoyelpolitico.com.ar\/wordpress\/2022\/09\/19\/trabajan-para-conformar-mesa-de-dialogo-con-las-dos-seccionales-de-la-cgt\/","title":{"rendered":"Trabajan para conformar mesa de di\u00e1logo con las dos seccionales de la CGT"},"content":{"rendered":"\n<p>El Ministro de Trabajo, Jorge Stopiello, recibi\u00f3 al Secretario General de UOCRA Zona Atl\u00e1ntica, Dami\u00e1n Miler, para avanzar en la planificaci\u00f3n de una mesa de di\u00e1logo que incluya a referentes de la dos seccionales de la CGT en la provincia, y as\u00ed seguir avanzando en diversas cuestiones laborales.<\/p>\n\n\n\n<p>Durante el encuentro, se analiz\u00f3 la posibilidad de una futura reuni\u00f3n con la Gobernadora Arabela Carreras con la presencia de las dos CGT que la provincia tiene normalizadas actualmente (Bariloche y Viedma).<\/p>\n\n\n\n<p>En la reuni\u00f3n adem\u00e1s se trataron diversas cuestiones de agenda en conjunto que se vienen llevando a cabo entre el Ministerio y el gremio de la construcci\u00f3n, como as\u00ed tambi\u00e9n acciones a futuro donde las dos instituciones deber\u00e1n articular acciones.<\/p>\n<div class=\"fb-background-color\">\n\t\t\t  <div \n\t\t\t  \tclass = \"fb-comments\" \n\t\t\t  \tdata-href = \"https:\/\/www.elpolitologoyelpolitico.com.ar\/wordpress\/2022\/09\/19\/trabajan-para-conformar-mesa-de-dialogo-con-las-dos-seccionales-de-la-cgt\/\"\n\t\t\t  \tdata-numposts = \"10\"\n\t\t\t  \tdata-lazy = \"true\"\n\t\t\t\tdata-colorscheme = \"light\"\n\t\t\t\tdata-order-by = \"social\"\n\t\t\t\tdata-mobile=true>\n\t\t\t  <\/div><\/div>\n\t\t  <style>\n\t\t    .fb-background-color {\n\t\t\t\tbackground: #ffffff !important;\n\t\t\t}\n\t\t\t.fb_iframe_widget_fluid_desktop iframe {\n\t\t\t    width: 100% !important;\n\t\t\t}\n\t\t  <\/style>\n\t\t  ","protected":false},"excerpt":{"rendered":"<p>El Ministro de Trabajo, Jorge Stopiello, recibi\u00f3 al Secretario General de UOCRA Zona Atl\u00e1ntica, Dami\u00e1n Miler, para avanzar en la planificaci\u00f3n de una mesa de di\u00e1logo que incluya a referentes de la dos seccionales de la CGT en la provincia, y as\u00ed seguir avanzando en diversas cuestiones laborales. Durante el encuentro, se analiz\u00f3 la posibilidad [&hellip;]<\/p>\n","protected":false},"author":4,"featured_media":24540,"comment_status":"closed","ping_status":"closed","sticky":false,"template":"","format":"standard","meta":{"_joinchat":[],"footnotes":""},"categories":[4],"tags":[],"class_list":["post-24539","post","type-post","status-publish","format-standard","has-post-thumbnail","hentry","category-politicas-publicas"],"_links":{"self":[{"href":"https:\/\/www.elpolitologoyelpolitico.com.ar\/wordpress\/wp-json\/wp\/v2\/posts\/24539","targetHints":{"allow":["GET"]}}],"collection":[{"href":"https:\/\/www.elpolitologoyelpolitico.com.ar\/wordpress\/wp-json\/wp\/v2\/posts"}],"about":[{"href":"https:\/\/www.elpolitologoyelpolitico.com.ar\/wordpress\/wp-json\/wp\/v2\/types\/post"}],"author":[{"embeddable":true,"href":"https:\/\/www.elpolitologoyelpolitico.com.ar\/wordpress\/wp-json\/wp\/v2\/users\/4"}],"replies":[{"embeddable":true,"href":"https:\/\/www.elpolitologoyelpolitico.com.ar\/wordpress\/wp-json\/wp\/v2\/comments?post=24539"}],"version-history":[{"count":0,"href":"https:\/\/www.elpolitologoyelpolitico.com.ar\/wordpress\/wp-json\/wp\/v2\/posts\/24539\/revisions"}],"wp:featuredmedia":[{"embeddable":true,"href":"https:\/\/www.elpolitologoyelpolitico.com.ar\/wordpress\/wp-json\/wp\/v2\/media\/24540"}],"wp:attachment":[{"href":"https:\/\/www.elpolitologoyelpolitico.com.ar\/wordpress\/wp-json\/wp\/v2\/media?parent=24539"}],"wp:term":[{"taxonomy":"category","embeddable":true,"href":"https:\/\/www.elpolitologoyelpolitico.com.ar\/wordpress\/wp-json\/wp\/v2\/categories?post=24539"},{"taxonomy":"post_tag","embeddable":true,"href":"https:\/\/www.elpolitologoyelpolitico.com.ar\/wordpress\/wp-json\/wp\/v2\/tags?post=24539"}],"curies":[{"name":"wp","href":"https:\/\/api.w.org\/{rel}","templated":true}]}}