{"id":24535,"date":"2022-09-19T14:23:29","date_gmt":"2022-09-19T14:23:29","guid":{"rendered":"https:\/\/www.elpolitologoyelpolitico.com.ar\/wordpress\/?p=24535"},"modified":"2022-09-19T14:39:43","modified_gmt":"2022-09-19T14:39:43","slug":"se-extienden-las-fechas-de-inscripcion-para-participar-de-los-interreparticiones-viedma-juega-2022","status":"publish","type":"post","link":"https:\/\/www.elpolitologoyelpolitico.com.ar\/wordpress\/2022\/09\/19\/se-extienden-las-fechas-de-inscripcion-para-participar-de-los-interreparticiones-viedma-juega-2022\/","title":{"rendered":"Se extienden las fechas de inscripci\u00f3n para participar de los interreparticiones \u00abViedma Juega 2022\u00bb"},"content":{"rendered":"\n<p>El gobierno de Viedma extiende las fechas de inscripci\u00f3n hasta el jueves 22 de septiembre a las 20 hs para participar del programa municipal Viedma Juega, que re\u00fane a empleados p\u00fablicos de diversas reparticiones.<\/p>\n\n\n\n<p>La convocatoria est\u00e1 abierta a organismos p\u00fablicos de la administraci\u00f3n municipal, provincial y nacional, como tambi\u00e9n los organismos descentralizados o aut\u00e1rquicos y las empresas mixtas de participaci\u00f3n estatal.<\/p>\n\n\n\n<p>Las inscripciones realizan via e-mail juegosinterreparticionesviedma@gmail.com&nbsp; desde all\u00ed podr\u00e1n contactarse y se les enviar\u00e1 los requisitos.<\/p>\n\n\n\n<p>En esta oportunidad podr\u00e1n anotarse para las disciplinas de B\u00e1squet, Voley F\u00fatbol, Handball, Newcom, Duatl\u00f3n, Truco, Tejo, Atletismo, Tenis de Mesa, Pesca y Canotaje.<\/p>\n\n\n\n<p>Viedma Juega ofrece una gran variedad de deportes para los trabajadores que desarrollan sus actividades en nuestra ciudad. La modalidad es por categor\u00eda, en algunos casos por g\u00e9nero y en otros mixtos.<\/p>\n\n\n\n<p>Las disciplinas que se llevar\u00e1n adelante a lo largo de los juegos son: f\u00fatsal femenino y masculino, v\u00f3ley, femenino y masculino, tejo libre, truco libre.<\/p>\n\n\n\n<p>La Secretar\u00eda de Turismo, Cultura y Deportes a trav\u00e9s de la Subsecretar\u00eda de Deportes, promueve la integraci\u00f3n de los vecinos de Viedma, fomentando las pr\u00e1cticas recreativas grupales.<\/p>\n<div class=\"fb-background-color\">\n\t\t\t  <div \n\t\t\t  \tclass = \"fb-comments\" \n\t\t\t  \tdata-href = \"https:\/\/www.elpolitologoyelpolitico.com.ar\/wordpress\/2022\/09\/19\/se-extienden-las-fechas-de-inscripcion-para-participar-de-los-interreparticiones-viedma-juega-2022\/\"\n\t\t\t  \tdata-numposts = \"10\"\n\t\t\t  \tdata-lazy = \"true\"\n\t\t\t\tdata-colorscheme = \"light\"\n\t\t\t\tdata-order-by = \"social\"\n\t\t\t\tdata-mobile=true>\n\t\t\t  <\/div><\/div>\n\t\t  <style>\n\t\t    .fb-background-color {\n\t\t\t\tbackground: #ffffff !important;\n\t\t\t}\n\t\t\t.fb_iframe_widget_fluid_desktop iframe {\n\t\t\t    width: 100% !important;\n\t\t\t}\n\t\t  <\/style>\n\t\t  ","protected":false},"excerpt":{"rendered":"<p>El gobierno de Viedma extiende las fechas de inscripci\u00f3n hasta el jueves 22 de septiembre a las 20 hs para participar del programa municipal Viedma Juega, que re\u00fane a empleados p\u00fablicos de diversas reparticiones. La convocatoria est\u00e1 abierta a organismos p\u00fablicos de la administraci\u00f3n municipal, provincial y nacional, como tambi\u00e9n los organismos descentralizados o aut\u00e1rquicos [&hellip;]<\/p>\n","protected":false},"author":4,"featured_media":24536,"comment_status":"closed","ping_status":"closed","sticky":false,"template":"","format":"standard","meta":{"_joinchat":[],"footnotes":""},"categories":[39],"tags":[],"class_list":["post-24535","post","type-post","status-publish","format-standard","has-post-thumbnail","hentry","category-en-esta-seccion"],"_links":{"self":[{"href":"https:\/\/www.elpolitologoyelpolitico.com.ar\/wordpress\/wp-json\/wp\/v2\/posts\/24535","targetHints":{"allow":["GET"]}}],"collection":[{"href":"https:\/\/www.elpolitologoyelpolitico.com.ar\/wordpress\/wp-json\/wp\/v2\/posts"}],"about":[{"href":"https:\/\/www.elpolitologoyelpolitico.com.ar\/wordpress\/wp-json\/wp\/v2\/types\/post"}],"author":[{"embeddable":true,"href":"https:\/\/www.elpolitologoyelpolitico.com.ar\/wordpress\/wp-json\/wp\/v2\/users\/4"}],"replies":[{"embeddable":true,"href":"https:\/\/www.elpolitologoyelpolitico.com.ar\/wordpress\/wp-json\/wp\/v2\/comments?post=24535"}],"version-history":[{"count":0,"href":"https:\/\/www.elpolitologoyelpolitico.com.ar\/wordpress\/wp-json\/wp\/v2\/posts\/24535\/revisions"}],"wp:featuredmedia":[{"embeddable":true,"href":"https:\/\/www.elpolitologoyelpolitico.com.ar\/wordpress\/wp-json\/wp\/v2\/media\/24536"}],"wp:attachment":[{"href":"https:\/\/www.elpolitologoyelpolitico.com.ar\/wordpress\/wp-json\/wp\/v2\/media?parent=24535"}],"wp:term":[{"taxonomy":"category","embeddable":true,"href":"https:\/\/www.elpolitologoyelpolitico.com.ar\/wordpress\/wp-json\/wp\/v2\/categories?post=24535"},{"taxonomy":"post_tag","embeddable":true,"href":"https:\/\/www.elpolitologoyelpolitico.com.ar\/wordpress\/wp-json\/wp\/v2\/tags?post=24535"}],"curies":[{"name":"wp","href":"https:\/\/api.w.org\/{rel}","templated":true}]}}