{"id":24528,"date":"2022-09-19T13:42:59","date_gmt":"2022-09-19T13:42:59","guid":{"rendered":"https:\/\/www.elpolitologoyelpolitico.com.ar\/wordpress\/?p=24528"},"modified":"2022-09-19T13:43:52","modified_gmt":"2022-09-19T13:43:52","slug":"el-intendente-zara-acompano-la-regata-de-primavera","status":"publish","type":"post","link":"https:\/\/www.elpolitologoyelpolitico.com.ar\/wordpress\/2022\/09\/19\/el-intendente-zara-acompano-la-regata-de-primavera\/","title":{"rendered":"El Intendente Zara acompa\u00f1\u00f3 la Regata de Primavera"},"content":{"rendered":"\n<p>Este s\u00e1bado el Intendente Municipal, Ing. Jos\u00e9 Luis Zara, acompa\u00f1\u00f3 la Regata Primavera, organizada por la Direcci\u00f3n de Deportes, a trav\u00e9s de la Escuela Municipal de Canotaje.&nbsp;<\/p>\n\n\n\n<p>El jefe comunal estuvo acompa\u00f1ado por la Directora de Deportes, Eliana Pugnaloni.<\/p>\n\n\n\n<p>El Intendente dialog\u00f3 y comparti\u00f3 un ameno momento con los palistas y sus familias, que se dieron cita en inmediaciones de la sede de la Escuela y pasaron una agradable jornada.&nbsp;<\/p>\n\n\n\n<p>La competencia incluy\u00f3 las categor\u00edas: traves\u00eda \u201cA\u201d, k1 cadetes damas y caballeros, pre infantiles, damas y caballeros, traves\u00eda \u201cB\u201d (36 a 44 a\u00f1os), k1 junior damas y caballeros, infantiles damas y caballeros, traves\u00eda damas, menores damas y caballeros, 5,20 damas y caballeros, k1 m\u00e1ster \u201cA\u201d,\u201d B\u201d y \u201cC\u201d, traves\u00eda mixta, traves\u00eda \u201cC\u201d (+45 a\u00f1os), s\u00e9nior damas y caballeros.<\/p>\n\n\n\n<figure class=\"wp-block-gallery has-nested-images columns-default is-cropped wp-block-gallery-1 is-layout-flex wp-block-gallery-is-layout-flex\">\n<figure class=\"wp-block-image size-large\"><img fetchpriority=\"high\" decoding=\"async\" width=\"720\" height=\"324\" data-id=\"24530\" src=\"https:\/\/www.elpolitologoyelpolitico.com.ar\/wp-content\/uploads\/2022\/09\/IMG-20220918-WA0008.jpg\" alt=\"\" class=\"wp-image-24530\" srcset=\"https:\/\/www.elpolitologoyelpolitico.com.ar\/wp-content\/uploads\/2022\/09\/IMG-20220918-WA0008.jpg 720w, https:\/\/www.elpolitologoyelpolitico.com.ar\/wp-content\/uploads\/2022\/09\/IMG-20220918-WA0008-300x135.jpg 300w\" sizes=\"(max-width: 720px) 100vw, 720px\" \/><\/figure>\n\n\n\n<figure class=\"wp-block-image size-large\"><img decoding=\"async\" width=\"720\" height=\"324\" data-id=\"24531\" src=\"https:\/\/www.elpolitologoyelpolitico.com.ar\/wp-content\/uploads\/2022\/09\/IMG-20220918-WA0006.jpg\" alt=\"\" class=\"wp-image-24531\" srcset=\"https:\/\/www.elpolitologoyelpolitico.com.ar\/wp-content\/uploads\/2022\/09\/IMG-20220918-WA0006.jpg 720w, https:\/\/www.elpolitologoyelpolitico.com.ar\/wp-content\/uploads\/2022\/09\/IMG-20220918-WA0006-300x135.jpg 300w\" sizes=\"(max-width: 720px) 100vw, 720px\" \/><\/figure>\n\n\n\n<figure class=\"wp-block-image size-large\"><img decoding=\"async\" width=\"720\" height=\"324\" data-id=\"24532\" src=\"https:\/\/www.elpolitologoyelpolitico.com.ar\/wp-content\/uploads\/2022\/09\/IMG-20220918-WA0007.jpg\" alt=\"\" class=\"wp-image-24532\" srcset=\"https:\/\/www.elpolitologoyelpolitico.com.ar\/wp-content\/uploads\/2022\/09\/IMG-20220918-WA0007.jpg 720w, https:\/\/www.elpolitologoyelpolitico.com.ar\/wp-content\/uploads\/2022\/09\/IMG-20220918-WA0007-300x135.jpg 300w\" sizes=\"(max-width: 720px) 100vw, 720px\" \/><\/figure>\n<\/figure>\n<div class=\"fb-background-color\">\n\t\t\t  <div \n\t\t\t  \tclass = \"fb-comments\" \n\t\t\t  \tdata-href = \"https:\/\/www.elpolitologoyelpolitico.com.ar\/wordpress\/2022\/09\/19\/el-intendente-zara-acompano-la-regata-de-primavera\/\"\n\t\t\t  \tdata-numposts = \"10\"\n\t\t\t  \tdata-lazy = \"true\"\n\t\t\t\tdata-colorscheme = \"light\"\n\t\t\t\tdata-order-by = \"social\"\n\t\t\t\tdata-mobile=true>\n\t\t\t  <\/div><\/div>\n\t\t  <style>\n\t\t    .fb-background-color {\n\t\t\t\tbackground: #ffffff !important;\n\t\t\t}\n\t\t\t.fb_iframe_widget_fluid_desktop iframe {\n\t\t\t    width: 100% !important;\n\t\t\t}\n\t\t  <\/style>\n\t\t  ","protected":false},"excerpt":{"rendered":"<p>Este s\u00e1bado el Intendente Municipal, Ing. Jos\u00e9 Luis Zara, acompa\u00f1\u00f3 la Regata Primavera, organizada por la Direcci\u00f3n de Deportes, a trav\u00e9s de la Escuela Municipal de Canotaje.&nbsp; El jefe comunal estuvo acompa\u00f1ado por la Directora de Deportes, Eliana Pugnaloni. El Intendente dialog\u00f3 y comparti\u00f3 un ameno momento con los palistas y sus familias, que se [&hellip;]<\/p>\n","protected":false},"author":4,"featured_media":24529,"comment_status":"closed","ping_status":"closed","sticky":false,"template":"","format":"standard","meta":{"_joinchat":[],"footnotes":""},"categories":[39],"tags":[],"class_list":["post-24528","post","type-post","status-publish","format-standard","has-post-thumbnail","hentry","category-en-esta-seccion"],"_links":{"self":[{"href":"https:\/\/www.elpolitologoyelpolitico.com.ar\/wordpress\/wp-json\/wp\/v2\/posts\/24528","targetHints":{"allow":["GET"]}}],"collection":[{"href":"https:\/\/www.elpolitologoyelpolitico.com.ar\/wordpress\/wp-json\/wp\/v2\/posts"}],"about":[{"href":"https:\/\/www.elpolitologoyelpolitico.com.ar\/wordpress\/wp-json\/wp\/v2\/types\/post"}],"author":[{"embeddable":true,"href":"https:\/\/www.elpolitologoyelpolitico.com.ar\/wordpress\/wp-json\/wp\/v2\/users\/4"}],"replies":[{"embeddable":true,"href":"https:\/\/www.elpolitologoyelpolitico.com.ar\/wordpress\/wp-json\/wp\/v2\/comments?post=24528"}],"version-history":[{"count":0,"href":"https:\/\/www.elpolitologoyelpolitico.com.ar\/wordpress\/wp-json\/wp\/v2\/posts\/24528\/revisions"}],"wp:featuredmedia":[{"embeddable":true,"href":"https:\/\/www.elpolitologoyelpolitico.com.ar\/wordpress\/wp-json\/wp\/v2\/media\/24529"}],"wp:attachment":[{"href":"https:\/\/www.elpolitologoyelpolitico.com.ar\/wordpress\/wp-json\/wp\/v2\/media?parent=24528"}],"wp:term":[{"taxonomy":"category","embeddable":true,"href":"https:\/\/www.elpolitologoyelpolitico.com.ar\/wordpress\/wp-json\/wp\/v2\/categories?post=24528"},{"taxonomy":"post_tag","embeddable":true,"href":"https:\/\/www.elpolitologoyelpolitico.com.ar\/wordpress\/wp-json\/wp\/v2\/tags?post=24528"}],"curies":[{"name":"wp","href":"https:\/\/api.w.org\/{rel}","templated":true}]}}