{"id":24523,"date":"2022-09-17T16:48:46","date_gmt":"2022-09-17T16:48:46","guid":{"rendered":"https:\/\/www.elpolitologoyelpolitico.com.ar\/wordpress\/?p=24523"},"modified":"2022-09-17T16:49:29","modified_gmt":"2022-09-17T16:49:29","slug":"patagones-puso-en-marcha-un-nuevo-ecografo-de-ultima-generacion-2","status":"publish","type":"post","link":"https:\/\/www.elpolitologoyelpolitico.com.ar\/wordpress\/2022\/09\/17\/patagones-puso-en-marcha-un-nuevo-ecografo-de-ultima-generacion-2\/","title":{"rendered":"Patagones puso en marcha un nuevo ec\u00f3grafo de \u00faltima generaci\u00f3n"},"content":{"rendered":"\n<p>El Intendente Municipal, Ing. Jos\u00e9 Luis Zara, junto a personal de salud, puso en marcha un nuevo ec\u00f3grafo en el Hospital Municipal \u00abDr. Pedro Ecay\u00bb.&nbsp;<\/p>\n\n\n\n<p>Estuvo acompa\u00f1ado por el Secretario de Salud, Dr. Edgardo Jalabert, el Director del hospital, Dr. Adri\u00e1n Maggio y la Coordinadora de Programas Sanitarios, Mabel Guzm\u00e1n.&nbsp;<\/p>\n\n\n\n<p>Se trata de un ec\u00f3grafo Samsung HC30, de \u00faltima generaci\u00f3n, que fue adquirido con fondos del Plan Sumar, con una inversi\u00f3n de 6 millones de pesos.&nbsp;<\/p>\n\n\n\n<p>\u00abEstamos muy contentos por esta nueva aparatolog\u00eda que se incopora porque nos permite brindar un mejor servicio a la comunidad\u00bb,&nbsp; destac\u00f3 Guzm\u00e1n.&nbsp;<\/p>\n\n\n\n<p>Durante la presentaci\u00f3n del nuevo equipo, los profesionales del \u00e1rea de Diagn\u00f3stico por im\u00e1genes destacaron que \u00abpermite hacer ecograf\u00edas de todo tipo; abdominales, ginecol\u00f3gicas, cardiol\u00f3gicas, entre otras\u00bb.&nbsp;<\/p>\n\n\n\n<p>Podr\u00e1 ser utilizado por ecografistas generalistas, cardi\u00f3logos, ginec\u00f3logos&nbsp; y fleb\u00f3loga.&nbsp;<\/p>\n\n\n\n<p>\u00abTiene una excelente calidad de im\u00e1gen y opera con rapidez. Es un ec\u00f3grafo digitalizado, que agiliza notablemente la visualizaci\u00f3n de la ecograf\u00eda tanto a los m\u00e9dicos como a los pacientes\u00bb, resalt\u00f3 Guzm\u00e1n.<\/p>\n\n\n\n<figure class=\"wp-block-image size-large is-resized\"><img fetchpriority=\"high\" decoding=\"async\" src=\"https:\/\/www.elpolitologoyelpolitico.com.ar\/wp-content\/uploads\/2022\/09\/IMG-20220917-WA0019-459x1024.jpg\" alt=\"\" class=\"wp-image-24525\" width=\"681\" height=\"1520\" srcset=\"https:\/\/www.elpolitologoyelpolitico.com.ar\/wp-content\/uploads\/2022\/09\/IMG-20220917-WA0019-459x1024.jpg 459w, https:\/\/www.elpolitologoyelpolitico.com.ar\/wp-content\/uploads\/2022\/09\/IMG-20220917-WA0019-135x300.jpg 135w, https:\/\/www.elpolitologoyelpolitico.com.ar\/wp-content\/uploads\/2022\/09\/IMG-20220917-WA0019.jpg 557w\" sizes=\"(max-width: 681px) 100vw, 681px\" \/><\/figure>\n\n\n\n<p><\/p>\n<div class=\"fb-background-color\">\n\t\t\t  <div \n\t\t\t  \tclass = \"fb-comments\" \n\t\t\t  \tdata-href = \"https:\/\/www.elpolitologoyelpolitico.com.ar\/wordpress\/2022\/09\/17\/patagones-puso-en-marcha-un-nuevo-ecografo-de-ultima-generacion-2\/\"\n\t\t\t  \tdata-numposts = \"10\"\n\t\t\t  \tdata-lazy = \"true\"\n\t\t\t\tdata-colorscheme = \"light\"\n\t\t\t\tdata-order-by = \"social\"\n\t\t\t\tdata-mobile=true>\n\t\t\t  <\/div><\/div>\n\t\t  <style>\n\t\t    .fb-background-color {\n\t\t\t\tbackground: #ffffff !important;\n\t\t\t}\n\t\t\t.fb_iframe_widget_fluid_desktop iframe {\n\t\t\t    width: 100% !important;\n\t\t\t}\n\t\t  <\/style>\n\t\t  ","protected":false},"excerpt":{"rendered":"<p>El Intendente Municipal, Ing. Jos\u00e9 Luis Zara, junto a personal de salud, puso en marcha un nuevo ec\u00f3grafo en el Hospital Municipal \u00abDr. Pedro Ecay\u00bb.&nbsp; Estuvo acompa\u00f1ado por el Secretario de Salud, Dr. Edgardo Jalabert, el Director del hospital, Dr. Adri\u00e1n Maggio y la Coordinadora de Programas Sanitarios, Mabel Guzm\u00e1n.&nbsp; Se trata de un ec\u00f3grafo [&hellip;]<\/p>\n","protected":false},"author":4,"featured_media":24524,"comment_status":"closed","ping_status":"closed","sticky":false,"template":"","format":"standard","meta":{"_joinchat":[],"footnotes":""},"categories":[4],"tags":[],"class_list":["post-24523","post","type-post","status-publish","format-standard","has-post-thumbnail","hentry","category-politicas-publicas"],"_links":{"self":[{"href":"https:\/\/www.elpolitologoyelpolitico.com.ar\/wordpress\/wp-json\/wp\/v2\/posts\/24523","targetHints":{"allow":["GET"]}}],"collection":[{"href":"https:\/\/www.elpolitologoyelpolitico.com.ar\/wordpress\/wp-json\/wp\/v2\/posts"}],"about":[{"href":"https:\/\/www.elpolitologoyelpolitico.com.ar\/wordpress\/wp-json\/wp\/v2\/types\/post"}],"author":[{"embeddable":true,"href":"https:\/\/www.elpolitologoyelpolitico.com.ar\/wordpress\/wp-json\/wp\/v2\/users\/4"}],"replies":[{"embeddable":true,"href":"https:\/\/www.elpolitologoyelpolitico.com.ar\/wordpress\/wp-json\/wp\/v2\/comments?post=24523"}],"version-history":[{"count":0,"href":"https:\/\/www.elpolitologoyelpolitico.com.ar\/wordpress\/wp-json\/wp\/v2\/posts\/24523\/revisions"}],"wp:featuredmedia":[{"embeddable":true,"href":"https:\/\/www.elpolitologoyelpolitico.com.ar\/wordpress\/wp-json\/wp\/v2\/media\/24524"}],"wp:attachment":[{"href":"https:\/\/www.elpolitologoyelpolitico.com.ar\/wordpress\/wp-json\/wp\/v2\/media?parent=24523"}],"wp:term":[{"taxonomy":"category","embeddable":true,"href":"https:\/\/www.elpolitologoyelpolitico.com.ar\/wordpress\/wp-json\/wp\/v2\/categories?post=24523"},{"taxonomy":"post_tag","embeddable":true,"href":"https:\/\/www.elpolitologoyelpolitico.com.ar\/wordpress\/wp-json\/wp\/v2\/tags?post=24523"}],"curies":[{"name":"wp","href":"https:\/\/api.w.org\/{rel}","templated":true}]}}