{"id":24518,"date":"2022-09-17T16:39:06","date_gmt":"2022-09-17T16:39:06","guid":{"rendered":"https:\/\/www.elpolitologoyelpolitico.com.ar\/wordpress\/?p=24518"},"modified":"2022-09-17T16:39:47","modified_gmt":"2022-09-17T16:39:47","slug":"salud-conmemora-el-dia-mundial-de-la-seguridad-del-paciente","status":"publish","type":"post","link":"https:\/\/www.elpolitologoyelpolitico.com.ar\/wordpress\/2022\/09\/17\/salud-conmemora-el-dia-mundial-de-la-seguridad-del-paciente\/","title":{"rendered":"Salud conmemora el D\u00eda Mundial de la Seguridad del Paciente"},"content":{"rendered":"\n<p>El Ministerio de Salud, a trav\u00e9s de la Subsecretaria de Cuidados Integrales de la Salud, conmemora el D\u00eda Mundial de la Seguridad del Paciente que se celebra cada 17 de septiembre declarado por la Organizaci\u00f3n Mundial de la Salud en la 72.\u00aa Asamblea Mundial de la Salud en el a\u00f1o 2019.<\/p>\n\n\n\n<p>El D\u00eda Mundial de la Seguridad del Paciente se basa firmemente en el principio fundamental de la medicina, sobre todo, no hacer da\u00f1o.<\/p>\n\n\n\n<p>Este d\u00eda se conmemora con el objetivo de aumentar la concienciaci\u00f3n y la comprensi\u00f3n de los problemas de salud y movilizar el apoyo a la acci\u00f3n en todos los \u00e1mbitos, desde la comunidad local hasta la escena internacional.<\/p>\n\n\n\n<p>Cada a\u00f1o se selecciona un nuevo tema sobre un asunto prioritario para la seguridad del paciente, con el fin de resaltar su importancia y hacer un llamado a nivel mundial sobre temas de importancia.<\/p>\n\n\n\n<p>El lema de este a\u00f1o es \u00abMedicaci\u00f3n sin da\u00f1o\u00bb, que pretende centrar la atenci\u00f3n en conseguir que el proceso de medicaci\u00f3n sea m\u00e1s seguro y est\u00e9 libre de da\u00f1os e impulsar la acci\u00f3n al Reto haciendo un llamamiento a todas las partes interesadas para que den prioridad a la seguridad de la medicaci\u00f3n y aborden las pr\u00e1cticas poco seguras y centr\u00e1ndose especialmente en las tres causas principales de da\u00f1os evitables derivados de la medicaci\u00f3n: las situaciones de alto riesgo, las transiciones asistenciales y la polifarmacoterapia, una interpelaci\u00f3n a la acci\u00f3n urgente para abordar la cuesti\u00f3n.<\/p>\n\n\n\n<p>Todas las personas del mundo tomar\u00e1n, en alg\u00fan momento de su vida, medicamentos para prevenir o tratar enfermedades. Sin embargo, los medicamentos a veces causan da\u00f1os graves si se almacenan, prescriben, dispensan o administran indebidamente o si se controlan de forma insuficiente.<\/p>\n\n\n\n<figure class=\"wp-block-image size-full\"><img fetchpriority=\"high\" decoding=\"async\" width=\"700\" height=\"467\" src=\"https:\/\/www.elpolitologoyelpolitico.com.ar\/wp-content\/uploads\/2022\/09\/IMG-20220917-WA0016.jpg\" alt=\"\" class=\"wp-image-24520\" srcset=\"https:\/\/www.elpolitologoyelpolitico.com.ar\/wp-content\/uploads\/2022\/09\/IMG-20220917-WA0016.jpg 700w, https:\/\/www.elpolitologoyelpolitico.com.ar\/wp-content\/uploads\/2022\/09\/IMG-20220917-WA0016-300x200.jpg 300w\" sizes=\"(max-width: 700px) 100vw, 700px\" \/><\/figure>\n\n\n\n<p>Las pr\u00e1cticas de medicaci\u00f3n poco seguras y los errores de medicaci\u00f3n son una de las principales causas de da\u00f1os evitables en la atenci\u00f3n de salud en todo el mundo. Los errores de medicaci\u00f3n se producen cuando las deficiencias de los sistemas de medicaci\u00f3n y los factores humanos, como el cansancio, las malas condiciones ambientales o la escasez de personal, afectan a las pr\u00e1cticas de prescripci\u00f3n, transcripci\u00f3n, dispensaci\u00f3n, administraci\u00f3n y seguimiento, lo que puede provocar graves da\u00f1os, discapacidades e incluso la muerte a los pacientes. La pandemia de COVID-19 ha exacerbado significativamente el riesgo de errores de medicaci\u00f3n y los da\u00f1os conexos. Teniendo en cuenta esta enorme carga de da\u00f1os, se ha elegido la&nbsp; \u00abSeguridad de la medicaci\u00f3n\u00bb como tema del D\u00eda Mundial de la Seguridad del Paciente 2022.<\/p>\n\n\n\n<p>En este sentido desde el Ministerio de Salud se trabajar\u00e1 activamente en un plan que abarque los tres ejes fundamentales: la prescripci\u00f3n, administraci\u00f3n correcta y la toma segura.<\/p>\n\n\n\n<p><strong>Son Objetivos del D\u00eda Mundial de la Seguridad del Paciente 2022:<\/strong><\/p>\n\n\n\n<p>1. AUMENTAR la concienciaci\u00f3n mundial sobre la elevada carga de da\u00f1os relacionados con la medicaci\u00f3n debido a errores de medicaci\u00f3n y pr\u00e1cticas poco seguras, y ABOGAR por una acci\u00f3n urgente para mejorar la seguridad de la medicaci\u00f3n.<\/p>\n\n\n\n<p>2. IMPLICAR a las partes interesadas y asociados clave en los esfuerzos por prevenir los errores de medicaci\u00f3n y reducir los da\u00f1os relacionados con la medicaci\u00f3n.<\/p>\n\n\n\n<p>3. EMPODERAR a los pacientes y a las familias para que se impliquen activamente en el uso seguro de la medicaci\u00f3n.<\/p>\n\n\n\n<p>4. AMPLIAR la aplicaci\u00f3n del Reto Mundial de la OMS por la Seguridad del Paciente: medicaci\u00f3n sin da\u00f1o.<\/p>\n\n\n\n<p>Trabajar juntos para hacer m\u00e1s segura la atenci\u00f3n de salud es el gran desaf\u00edo.<\/p>\n<div class=\"fb-background-color\">\n\t\t\t  <div \n\t\t\t  \tclass = \"fb-comments\" \n\t\t\t  \tdata-href = \"https:\/\/www.elpolitologoyelpolitico.com.ar\/wordpress\/2022\/09\/17\/salud-conmemora-el-dia-mundial-de-la-seguridad-del-paciente\/\"\n\t\t\t  \tdata-numposts = \"10\"\n\t\t\t  \tdata-lazy = \"true\"\n\t\t\t\tdata-colorscheme = \"light\"\n\t\t\t\tdata-order-by = \"social\"\n\t\t\t\tdata-mobile=true>\n\t\t\t  <\/div><\/div>\n\t\t  <style>\n\t\t    .fb-background-color {\n\t\t\t\tbackground: #ffffff !important;\n\t\t\t}\n\t\t\t.fb_iframe_widget_fluid_desktop iframe {\n\t\t\t    width: 100% !important;\n\t\t\t}\n\t\t  <\/style>\n\t\t  ","protected":false},"excerpt":{"rendered":"<p>El Ministerio de Salud, a trav\u00e9s de la Subsecretaria de Cuidados Integrales de la Salud, conmemora el D\u00eda Mundial de la Seguridad del Paciente que se celebra cada 17 de septiembre declarado por la Organizaci\u00f3n Mundial de la Salud en la 72.\u00aa Asamblea Mundial de la Salud en el a\u00f1o 2019. El D\u00eda Mundial de [&hellip;]<\/p>\n","protected":false},"author":4,"featured_media":24519,"comment_status":"closed","ping_status":"closed","sticky":false,"template":"","format":"standard","meta":{"_joinchat":[],"footnotes":""},"categories":[39],"tags":[],"class_list":["post-24518","post","type-post","status-publish","format-standard","has-post-thumbnail","hentry","category-en-esta-seccion"],"_links":{"self":[{"href":"https:\/\/www.elpolitologoyelpolitico.com.ar\/wordpress\/wp-json\/wp\/v2\/posts\/24518","targetHints":{"allow":["GET"]}}],"collection":[{"href":"https:\/\/www.elpolitologoyelpolitico.com.ar\/wordpress\/wp-json\/wp\/v2\/posts"}],"about":[{"href":"https:\/\/www.elpolitologoyelpolitico.com.ar\/wordpress\/wp-json\/wp\/v2\/types\/post"}],"author":[{"embeddable":true,"href":"https:\/\/www.elpolitologoyelpolitico.com.ar\/wordpress\/wp-json\/wp\/v2\/users\/4"}],"replies":[{"embeddable":true,"href":"https:\/\/www.elpolitologoyelpolitico.com.ar\/wordpress\/wp-json\/wp\/v2\/comments?post=24518"}],"version-history":[{"count":0,"href":"https:\/\/www.elpolitologoyelpolitico.com.ar\/wordpress\/wp-json\/wp\/v2\/posts\/24518\/revisions"}],"wp:featuredmedia":[{"embeddable":true,"href":"https:\/\/www.elpolitologoyelpolitico.com.ar\/wordpress\/wp-json\/wp\/v2\/media\/24519"}],"wp:attachment":[{"href":"https:\/\/www.elpolitologoyelpolitico.com.ar\/wordpress\/wp-json\/wp\/v2\/media?parent=24518"}],"wp:term":[{"taxonomy":"category","embeddable":true,"href":"https:\/\/www.elpolitologoyelpolitico.com.ar\/wordpress\/wp-json\/wp\/v2\/categories?post=24518"},{"taxonomy":"post_tag","embeddable":true,"href":"https:\/\/www.elpolitologoyelpolitico.com.ar\/wordpress\/wp-json\/wp\/v2\/tags?post=24518"}],"curies":[{"name":"wp","href":"https:\/\/api.w.org\/{rel}","templated":true}]}}