{"id":24511,"date":"2022-09-17T16:27:18","date_gmt":"2022-09-17T16:27:18","guid":{"rendered":"https:\/\/www.elpolitologoyelpolitico.com.ar\/wordpress\/?p=24511"},"modified":"2022-09-17T16:27:55","modified_gmt":"2022-09-17T16:27:55","slug":"mas-viedmenses-capacitados-en-oficios-para-el-trabajo","status":"publish","type":"post","link":"https:\/\/www.elpolitologoyelpolitico.com.ar\/wordpress\/2022\/09\/17\/mas-viedmenses-capacitados-en-oficios-para-el-trabajo\/","title":{"rendered":"M\u00e1s viedmenses capacitados en oficios para el trabajo"},"content":{"rendered":"\n<p>M\u00e1s de 100 vecinas y vecinos recibieron sus certificados de finalizaci\u00f3n de talleres de oficio que organiza el gobierno de Viedma a trav\u00e9s de la secretar\u00eda de Desarrollo e Integraci\u00f3n.<\/p>\n\n\n\n<p>En esta oportunidad finalizaron ocho capacitaciones enmarcadas en el programa municipal \u00abManos que Trabajan\u00bb que se dictaron en el sal\u00f3n NIDO del barrio Mi Bandera.<\/p>\n\n\n\n<p>\u00abSon m\u00e1s herramientas para mejorar las condiciones de empleabilidad de cada vecina y vecino que participa de estas instancias educativas\u00bb expres\u00f3 el titular de la cartera social municipal, Mario S\u00e1nchez, y agreg\u00f3&nbsp; que \u00abEsto es posible gracias al trabajo del equipo del \u00e1rea de capacitaci\u00f3n de nuestra secretar\u00eda\u00bb<\/p>\n\n\n\n<p>\u00abLa capacitaci\u00f3n debe ser permanente y ajustada a lo que requiere cada comunidad, por eso es que se realizan en los barrios, a trav\u00e9s de las juntas vecinales, en este caso en el sal\u00f3n NIDO, atendiendo la demanda de cada sector de Viedma para ofrecer posibilidades a todas y todos\u00bb indic\u00f3 S\u00e1nchez.<\/p>\n\n\n\n<p>Los talleres que finalizaron son: Reparaci\u00f3n y Servicio T\u00e9cnico de Lavarropas, Inform\u00e1tica, Corte y Confecci\u00f3n, Electricidad Domiciliaria, Panader\u00eda y Fabricaci\u00f3n de Pastas, Mozo y Camarero de Sal\u00f3n, Peluquer\u00eda y Reposter\u00eda y Decoraci\u00f3n de Tortas.<\/p>\n\n\n\n<figure class=\"wp-block-gallery has-nested-images columns-default is-cropped wp-block-gallery-1 is-layout-flex wp-block-gallery-is-layout-flex\">\n<figure class=\"wp-block-image size-large\"><img fetchpriority=\"high\" decoding=\"async\" width=\"720\" height=\"480\" data-id=\"24513\" src=\"https:\/\/www.elpolitologoyelpolitico.com.ar\/wp-content\/uploads\/2022\/09\/IMG-20220917-WA0012.jpg\" alt=\"\" class=\"wp-image-24513\" srcset=\"https:\/\/www.elpolitologoyelpolitico.com.ar\/wp-content\/uploads\/2022\/09\/IMG-20220917-WA0012.jpg 720w, https:\/\/www.elpolitologoyelpolitico.com.ar\/wp-content\/uploads\/2022\/09\/IMG-20220917-WA0012-300x200.jpg 300w\" sizes=\"(max-width: 720px) 100vw, 720px\" \/><\/figure>\n\n\n\n<figure class=\"wp-block-image size-large\"><img decoding=\"async\" width=\"720\" height=\"480\" data-id=\"24514\" src=\"https:\/\/www.elpolitologoyelpolitico.com.ar\/wp-content\/uploads\/2022\/09\/IMG-20220917-WA0013.jpg\" alt=\"\" class=\"wp-image-24514\" srcset=\"https:\/\/www.elpolitologoyelpolitico.com.ar\/wp-content\/uploads\/2022\/09\/IMG-20220917-WA0013.jpg 720w, https:\/\/www.elpolitologoyelpolitico.com.ar\/wp-content\/uploads\/2022\/09\/IMG-20220917-WA0013-300x200.jpg 300w\" sizes=\"(max-width: 720px) 100vw, 720px\" \/><\/figure>\n\n\n\n<figure class=\"wp-block-image size-large\"><img decoding=\"async\" width=\"720\" height=\"480\" data-id=\"24515\" src=\"https:\/\/www.elpolitologoyelpolitico.com.ar\/wp-content\/uploads\/2022\/09\/IMG-20220917-WA0014.jpg\" alt=\"\" class=\"wp-image-24515\" srcset=\"https:\/\/www.elpolitologoyelpolitico.com.ar\/wp-content\/uploads\/2022\/09\/IMG-20220917-WA0014.jpg 720w, https:\/\/www.elpolitologoyelpolitico.com.ar\/wp-content\/uploads\/2022\/09\/IMG-20220917-WA0014-300x200.jpg 300w\" sizes=\"(max-width: 720px) 100vw, 720px\" \/><\/figure>\n<\/figure>\n<div class=\"fb-background-color\">\n\t\t\t  <div \n\t\t\t  \tclass = \"fb-comments\" \n\t\t\t  \tdata-href = \"https:\/\/www.elpolitologoyelpolitico.com.ar\/wordpress\/2022\/09\/17\/mas-viedmenses-capacitados-en-oficios-para-el-trabajo\/\"\n\t\t\t  \tdata-numposts = \"10\"\n\t\t\t  \tdata-lazy = \"true\"\n\t\t\t\tdata-colorscheme = \"light\"\n\t\t\t\tdata-order-by = \"social\"\n\t\t\t\tdata-mobile=true>\n\t\t\t  <\/div><\/div>\n\t\t  <style>\n\t\t    .fb-background-color {\n\t\t\t\tbackground: #ffffff !important;\n\t\t\t}\n\t\t\t.fb_iframe_widget_fluid_desktop iframe {\n\t\t\t    width: 100% !important;\n\t\t\t}\n\t\t  <\/style>\n\t\t  ","protected":false},"excerpt":{"rendered":"<p>M\u00e1s de 100 vecinas y vecinos recibieron sus certificados de finalizaci\u00f3n de talleres de oficio que organiza el gobierno de Viedma a trav\u00e9s de la secretar\u00eda de Desarrollo e Integraci\u00f3n. En esta oportunidad finalizaron ocho capacitaciones enmarcadas en el programa municipal \u00abManos que Trabajan\u00bb que se dictaron en el sal\u00f3n NIDO del barrio Mi Bandera. [&hellip;]<\/p>\n","protected":false},"author":4,"featured_media":24512,"comment_status":"closed","ping_status":"closed","sticky":false,"template":"","format":"standard","meta":{"_joinchat":[],"footnotes":""},"categories":[4],"tags":[],"class_list":["post-24511","post","type-post","status-publish","format-standard","has-post-thumbnail","hentry","category-politicas-publicas"],"_links":{"self":[{"href":"https:\/\/www.elpolitologoyelpolitico.com.ar\/wordpress\/wp-json\/wp\/v2\/posts\/24511","targetHints":{"allow":["GET"]}}],"collection":[{"href":"https:\/\/www.elpolitologoyelpolitico.com.ar\/wordpress\/wp-json\/wp\/v2\/posts"}],"about":[{"href":"https:\/\/www.elpolitologoyelpolitico.com.ar\/wordpress\/wp-json\/wp\/v2\/types\/post"}],"author":[{"embeddable":true,"href":"https:\/\/www.elpolitologoyelpolitico.com.ar\/wordpress\/wp-json\/wp\/v2\/users\/4"}],"replies":[{"embeddable":true,"href":"https:\/\/www.elpolitologoyelpolitico.com.ar\/wordpress\/wp-json\/wp\/v2\/comments?post=24511"}],"version-history":[{"count":0,"href":"https:\/\/www.elpolitologoyelpolitico.com.ar\/wordpress\/wp-json\/wp\/v2\/posts\/24511\/revisions"}],"wp:featuredmedia":[{"embeddable":true,"href":"https:\/\/www.elpolitologoyelpolitico.com.ar\/wordpress\/wp-json\/wp\/v2\/media\/24512"}],"wp:attachment":[{"href":"https:\/\/www.elpolitologoyelpolitico.com.ar\/wordpress\/wp-json\/wp\/v2\/media?parent=24511"}],"wp:term":[{"taxonomy":"category","embeddable":true,"href":"https:\/\/www.elpolitologoyelpolitico.com.ar\/wordpress\/wp-json\/wp\/v2\/categories?post=24511"},{"taxonomy":"post_tag","embeddable":true,"href":"https:\/\/www.elpolitologoyelpolitico.com.ar\/wordpress\/wp-json\/wp\/v2\/tags?post=24511"}],"curies":[{"name":"wp","href":"https:\/\/api.w.org\/{rel}","templated":true}]}}