{"id":2451,"date":"2021-04-30T21:54:10","date_gmt":"2021-04-30T21:54:10","guid":{"rendered":"https:\/\/www.elpolitologoyelpolitico.com.ar\/wordpress\/?p=2451"},"modified":"2021-04-30T21:54:55","modified_gmt":"2021-04-30T21:54:55","slug":"alberto-fernandez-extendio-las-restricciones-vigentes-hasta-el-21-de-mayo-como-impacta-en-patagones-viedma-y-en-otras-zonas-aledanas","status":"publish","type":"post","link":"https:\/\/www.elpolitologoyelpolitico.com.ar\/wordpress\/2021\/04\/30\/alberto-fernandez-extendio-las-restricciones-vigentes-hasta-el-21-de-mayo-como-impacta-en-patagones-viedma-y-en-otras-zonas-aledanas\/","title":{"rendered":"ALBERTO FERNANDEZ extendi\u00f3 las restricciones vigentes hasta el 21 de mayo \u00bfC\u00f3mo impacta en Patagones \u2013 Viedma y en otras zonas aleda\u00f1as?"},"content":{"rendered":"\t\t<div data-elementor-type=\"wp-post\" data-elementor-id=\"2451\" class=\"elementor elementor-2451\">\n\t\t\t\t\t\t<section class=\"elementor-section elementor-top-section elementor-element elementor-element-7f09913c elementor-section-boxed elementor-section-height-default elementor-section-height-default\" data-id=\"7f09913c\" data-element_type=\"section\" data-e-type=\"section\">\n\t\t\t\t\t\t<div class=\"elementor-container elementor-column-gap-default\">\n\t\t\t\t\t<div class=\"elementor-column elementor-col-100 elementor-top-column elementor-element elementor-element-6bdf7780\" data-id=\"6bdf7780\" data-element_type=\"column\" data-e-type=\"column\">\n\t\t\t<div class=\"elementor-widget-wrap elementor-element-populated\">\n\t\t\t\t\t\t<div class=\"elementor-element elementor-element-260c59d1 elementor-widget elementor-widget-text-editor\" data-id=\"260c59d1\" data-element_type=\"widget\" data-e-type=\"widget\" data-widget_type=\"text-editor.default\">\n\t\t\t\t<div class=\"elementor-widget-container\">\n\t\t\t\t\t\t\t\t\t\n<p>El actual Presidente de la Naci\u00f3n Argentina tom\u00f3 la decisi\u00f3n de extender las restricciones vigentes hasta el 21 de Mayo.<\/p>\n\n\n\n<p>Esta ma\u00f1ana, anunci\u00f3 nuevas medidas para contener la segunda ola del coronavirus que ya esta impactando en el territorio argentino.<\/p>\n\n\n\n<p>Distinta, es la realidad que est\u00e1n viviendo los habitantes de un lugar u otro en el territorio Nacional. Es por eso, que el Presidente tom\u00f3 la decisi\u00f3n de dividir en <strong>zonas en virtud de riesgo epidemiol\u00f3gico&nbsp; y sanitario: bajo, medio, alto y alarma.<\/strong><\/p>\n\n\n\n<p>Las nuevas medidas comienzan a regir ma\u00f1ana dependiendo de la situaci\u00f3n epidemiol\u00f3gica de cada zona, teniendo total conocimiento sobre los aumentos de casos y los n\u00fameros que est\u00e1n en situaci\u00f3n critica.<\/p>\n\n\n\n<p>En las <strong>zonas de alto riesgo epidemiol\u00f3gico&nbsp; y sanitario,<\/strong> se van a suspender actividades sociales en domicilios particulares, reuniones sociales en espacios p\u00fablicos al aire libre de mas de diez personas, casinos y discotecas. Los bares y restaurantes funcionar\u00e1n hasta las 23hs y no se podr\u00e1 circular entre las 00 y las 06hs de la ma\u00f1ana.<\/p>\n\n\n\n<p>En aquellas <strong>zonas de mediano riesgo, las decisiones las deben tomar los gobiernos locales <\/strong>adoptando ciertas medidas que ayuden a resolver el problema de los contagios.<\/p>\n\n\n\n<p>En las <strong>zonas de bajo riesgo sanitario, <\/strong>se encuentran aquellos lugares en donde la situaci\u00f3n sanitaria no es critica y el n\u00famero de casos es muy bajo. Pero, no se pueden hacer viajes de egresados, tur\u00edsticos, reuniones sociales de mas de 10 personas, entre otras.<\/p>\n\n\n\n<p>En las <strong>zonas de alarma epidemiol\u00f3gica y sanitaria, <\/strong>regir\u00e1n las restricciones mas duras porque el sistema de salud esta &nbsp;bajo la lupa y la proporci\u00f3n de casos en la poblaci\u00f3n es muy alto. En estos lugares, se restringe la circulaci\u00f3n y otras actividades hasta el 21 de mayo. Los comercios funcionar\u00e1n hasta las 19hs y despu\u00e9s de esa hora, la gastronom\u00eda podr\u00e1 continuar con env\u00edos a domicilio. En el d\u00eda solo podr\u00e1n atender a sus clientes en espacios habilitados al aire libre y no se podr\u00e1 circular entre las 20hs y las 6 de la ma\u00f1ana. Las clases ser\u00e1n de forma virtual y no presencial.<\/p>\n\n\n\n<p>Patagones, la zona mas austral de la Provincia de Buenos Aires, se encuentra en FASE 4 y este viernes se registraron 10 casos positivos, 17 negativos, 6 altas y un fallecido.<\/p>\n\n\n\n<p>El Partido de Patagones forma parte de las zonas de <strong>mediano riesgo, <\/strong>ya que las decisiones las debe tomar el Estado Municipal dependiendo de la situaci\u00f3n sanitaria.<\/p>\n\n\n\n<p>El Partido de Villarino y Bah\u00eda Blanca se encuentran en Fase 3 y forman parte de las <strong>zonas de alto riesgo epidemiol\u00f3gico y sanitario,<\/strong> en donde se tomaron ciertas restricciones que impactaron en la sociedad.<\/p>\n\n\n\n<p>Por su parte, Viedma se encuentra en Fase 4 y forma parte de la <strong>zona de mediano riesgo. <\/strong>En la Capital rionegrina, el Estado Municipal tiene el aval de tomar ciertas medidas de aqu\u00ed en adelante.<\/p>\n\n\n\n<p>Bariloche, se encuentra en una situaci\u00f3n muy critica y es una de las <strong>zonas de alarmas epidemiol\u00f3gicas y sanitaria.<\/strong> Actualmente, los casos aumentaron y la ocupaci\u00f3n de las camas en terapia intensiva llegaron al 100% .<\/p>\n\n\n\n<p>En la zona del Alto Valle la situaci\u00f3n va empeorando y la ocupaci\u00f3n de las camas de terapia intensiva aumentan casi al 100%. Por eso, el Gobierno Provincial en conjunto con intendentes y distintos sectores de esta zona de R\u00edo Negro, se van a estar reuniendo este fin de semana para tomar nuevas medidas.<\/p>\n\t\t\t\t\t\t\t\t<\/div>\n\t\t\t\t<\/div>\n\t\t\t\t\t<\/div>\n\t\t<\/div>\n\t\t\t\t\t<\/div>\n\t\t<\/section>\n\t\t\t\t<\/div>\n\t\t<div class=\"fb-background-color\">\n\t\t\t  <div \n\t\t\t  \tclass = \"fb-comments\" \n\t\t\t  \tdata-href = \"https:\/\/www.elpolitologoyelpolitico.com.ar\/wordpress\/2021\/04\/30\/alberto-fernandez-extendio-las-restricciones-vigentes-hasta-el-21-de-mayo-como-impacta-en-patagones-viedma-y-en-otras-zonas-aledanas\/\"\n\t\t\t  \tdata-numposts = \"10\"\n\t\t\t  \tdata-lazy = \"true\"\n\t\t\t\tdata-colorscheme = \"light\"\n\t\t\t\tdata-order-by = \"social\"\n\t\t\t\tdata-mobile=true>\n\t\t\t  <\/div><\/div>\n\t\t  <style>\n\t\t    .fb-background-color {\n\t\t\t\tbackground: #ffffff !important;\n\t\t\t}\n\t\t\t.fb_iframe_widget_fluid_desktop iframe {\n\t\t\t    width: 100% !important;\n\t\t\t}\n\t\t  <\/style>\n\t\t  ","protected":false},"excerpt":{"rendered":"<p>El actual Presidente de la Naci\u00f3n Argentina tom\u00f3 la decisi\u00f3n de extender las restricciones vigentes hasta el 21 de Mayo. Esta ma\u00f1ana, anunci\u00f3 nuevas medidas para contener la segunda ola del coronavirus que ya esta impactando en el territorio argentino. Distinta, es la realidad que est\u00e1n viviendo los habitantes de un lugar u otro en [&hellip;]<\/p>\n","protected":false},"author":4,"featured_media":2452,"comment_status":"closed","ping_status":"closed","sticky":false,"template":"","format":"standard","meta":{"_joinchat":[],"footnotes":""},"categories":[39],"tags":[],"class_list":["post-2451","post","type-post","status-publish","format-standard","has-post-thumbnail","hentry","category-en-esta-seccion"],"_links":{"self":[{"href":"https:\/\/www.elpolitologoyelpolitico.com.ar\/wordpress\/wp-json\/wp\/v2\/posts\/2451","targetHints":{"allow":["GET"]}}],"collection":[{"href":"https:\/\/www.elpolitologoyelpolitico.com.ar\/wordpress\/wp-json\/wp\/v2\/posts"}],"about":[{"href":"https:\/\/www.elpolitologoyelpolitico.com.ar\/wordpress\/wp-json\/wp\/v2\/types\/post"}],"author":[{"embeddable":true,"href":"https:\/\/www.elpolitologoyelpolitico.com.ar\/wordpress\/wp-json\/wp\/v2\/users\/4"}],"replies":[{"embeddable":true,"href":"https:\/\/www.elpolitologoyelpolitico.com.ar\/wordpress\/wp-json\/wp\/v2\/comments?post=2451"}],"version-history":[{"count":0,"href":"https:\/\/www.elpolitologoyelpolitico.com.ar\/wordpress\/wp-json\/wp\/v2\/posts\/2451\/revisions"}],"wp:featuredmedia":[{"embeddable":true,"href":"https:\/\/www.elpolitologoyelpolitico.com.ar\/wordpress\/wp-json\/wp\/v2\/media\/2452"}],"wp:attachment":[{"href":"https:\/\/www.elpolitologoyelpolitico.com.ar\/wordpress\/wp-json\/wp\/v2\/media?parent=2451"}],"wp:term":[{"taxonomy":"category","embeddable":true,"href":"https:\/\/www.elpolitologoyelpolitico.com.ar\/wordpress\/wp-json\/wp\/v2\/categories?post=2451"},{"taxonomy":"post_tag","embeddable":true,"href":"https:\/\/www.elpolitologoyelpolitico.com.ar\/wordpress\/wp-json\/wp\/v2\/tags?post=2451"}],"curies":[{"name":"wp","href":"https:\/\/api.w.org\/{rel}","templated":true}]}}