{"id":24494,"date":"2022-09-16T21:19:44","date_gmt":"2022-09-16T21:19:44","guid":{"rendered":"https:\/\/www.elpolitologoyelpolitico.com.ar\/wordpress\/?p=24494"},"modified":"2022-09-16T21:20:27","modified_gmt":"2022-09-16T21:20:27","slug":"funcionarios-provinciales-en-patagones-con-soluciones","status":"publish","type":"post","link":"https:\/\/www.elpolitologoyelpolitico.com.ar\/wordpress\/2022\/09\/16\/funcionarios-provinciales-en-patagones-con-soluciones\/","title":{"rendered":"Funcionarios Provinciales en Patagones con soluciones"},"content":{"rendered":"\n<p>En los \u00faltimos d\u00edas, varios funcionarios Bonaerenses estuvieron recorriendo Patagones, de forma conjunta con los integrantes del Bloque de Concejales del Frente de Todos.<\/p>\n\n\n\n<p>El itinerario de visitas comenz\u00f3 d\u00edas pasados,&nbsp; la presencia del Director de Equipamiento Escolar de la provincia de Buenos Aires, Fabi\u00e1n Luayza, quien realiz\u00f3&nbsp; la entrega de diversos mobiliarios a las Escuelas N\u00b0 2,&nbsp; y EP 16, de nuestra ciudad.<\/p>\n\n\n\n<p>Lo propio hizo el Diputado Provincial Alejandro Dichiara, qui\u00e9n mantuvo una variada agenda de reuniones con diferentes instituciones de nuestro distrito, aportando gestiones y soluciones a las problem\u00e1ticas planteadas.<\/p>\n\n\n\n<p>Por otro lado ayer estuvieron en nuestra ciudad brindando una charla sobre Asociaciones Civiles, el Director Provincial de Personas Jur\u00eddicas Joaqu\u00edn Smidt, acompa\u00f1ado por la representante de Asociaciones Civiles de la Defensor\u00eda del Pueblo Jazmin Laffite, del encuentro participaron Instituciones de las diferentes localidades, Concejales y vecinos interesados en la tematica.<\/p>\n\n\n\n<p>La reuni\u00f3n se desarrollo en el marco de una&nbsp; charla muy productiva, sobre&nbsp; la nueva ley de&nbsp; Personer\u00eda jur\u00eddica y las modificaciones en las que se est\u00e1 trabajando. Se plantearon&nbsp; diferentes problem\u00e1ticas puntuales que tiene&nbsp; cada&nbsp; Institucion&nbsp; con los tr\u00e1mites de personer\u00eda juridica, facilitando a trav\u00e9s de la defensoria del pueblo las gestiones de las instituciones.<\/p>\n\n\n\n<p>Por \u00faltimo en el d\u00eda de hoy mantuvo una reuni\u00f3n con concejales, productores e instituciones intermedias el Representante de la AIC Javier Reyes , dando a conocer diferentes trabajos y avances realizados durante su gesti\u00f3n, adem\u00e1s de que los vecinos y funcionarios tuvieron la oportunidad de realizar diferentes preguntas referidas a la utilizaci\u00f3n de las aguas del R\u00edo Negro por parte de la Pcia. de Buenos Aires y fundamentalmente el partido de Patagones.&nbsp; Reyes se puso&nbsp; a disposici\u00f3n para llevar adelante un trabajo de manera conjunta.&nbsp;<\/p>\n\n\n\n<p>De esta manera el Pte. del Bloque Ariel Zvenger resalt\u00f3 el trabajo de los funcionarios Provinciales en el territorio, llegando con\u00a0 informaci\u00f3n y soluciones\u00a0 concretas en base a las multiples demandas que surgen de los diferentes \u00e1mbitos del distrito.<\/p>\n\n\n\n<figure class=\"wp-block-gallery has-nested-images columns-default is-cropped wp-block-gallery-1 is-layout-flex wp-block-gallery-is-layout-flex\">\n<figure class=\"wp-block-image size-large\"><img fetchpriority=\"high\" decoding=\"async\" width=\"1024\" height=\"512\" data-id=\"24496\" src=\"https:\/\/www.elpolitologoyelpolitico.com.ar\/wp-content\/uploads\/2022\/09\/IMG-20220916-WA0032-1024x512.jpg\" alt=\"\" class=\"wp-image-24496\" srcset=\"https:\/\/www.elpolitologoyelpolitico.com.ar\/wp-content\/uploads\/2022\/09\/IMG-20220916-WA0032-1024x512.jpg 1024w, https:\/\/www.elpolitologoyelpolitico.com.ar\/wp-content\/uploads\/2022\/09\/IMG-20220916-WA0032-300x150.jpg 300w, https:\/\/www.elpolitologoyelpolitico.com.ar\/wp-content\/uploads\/2022\/09\/IMG-20220916-WA0032-768x384.jpg 768w, https:\/\/www.elpolitologoyelpolitico.com.ar\/wp-content\/uploads\/2022\/09\/IMG-20220916-WA0032.jpg 1280w\" sizes=\"(max-width: 1024px) 100vw, 1024px\" \/><\/figure>\n\n\n\n<figure class=\"wp-block-image size-large\"><img decoding=\"async\" width=\"1024\" height=\"636\" data-id=\"24497\" src=\"https:\/\/www.elpolitologoyelpolitico.com.ar\/wp-content\/uploads\/2022\/09\/IMG-20220916-WA0033-1024x636.jpg\" alt=\"\" class=\"wp-image-24497\" srcset=\"https:\/\/www.elpolitologoyelpolitico.com.ar\/wp-content\/uploads\/2022\/09\/IMG-20220916-WA0033-1024x636.jpg 1024w, https:\/\/www.elpolitologoyelpolitico.com.ar\/wp-content\/uploads\/2022\/09\/IMG-20220916-WA0033-300x186.jpg 300w, https:\/\/www.elpolitologoyelpolitico.com.ar\/wp-content\/uploads\/2022\/09\/IMG-20220916-WA0033-768x477.jpg 768w, https:\/\/www.elpolitologoyelpolitico.com.ar\/wp-content\/uploads\/2022\/09\/IMG-20220916-WA0033.jpg 1280w\" sizes=\"(max-width: 1024px) 100vw, 1024px\" \/><\/figure>\n<\/figure>\n<div class=\"fb-background-color\">\n\t\t\t  <div \n\t\t\t  \tclass = \"fb-comments\" \n\t\t\t  \tdata-href = \"https:\/\/www.elpolitologoyelpolitico.com.ar\/wordpress\/2022\/09\/16\/funcionarios-provinciales-en-patagones-con-soluciones\/\"\n\t\t\t  \tdata-numposts = \"10\"\n\t\t\t  \tdata-lazy = \"true\"\n\t\t\t\tdata-colorscheme = \"light\"\n\t\t\t\tdata-order-by = \"social\"\n\t\t\t\tdata-mobile=true>\n\t\t\t  <\/div><\/div>\n\t\t  <style>\n\t\t    .fb-background-color {\n\t\t\t\tbackground: #ffffff !important;\n\t\t\t}\n\t\t\t.fb_iframe_widget_fluid_desktop iframe {\n\t\t\t    width: 100% !important;\n\t\t\t}\n\t\t  <\/style>\n\t\t  ","protected":false},"excerpt":{"rendered":"<p>En los \u00faltimos d\u00edas, varios funcionarios Bonaerenses estuvieron recorriendo Patagones, de forma conjunta con los integrantes del Bloque de Concejales del Frente de Todos. El itinerario de visitas comenz\u00f3 d\u00edas pasados,&nbsp; la presencia del Director de Equipamiento Escolar de la provincia de Buenos Aires, Fabi\u00e1n Luayza, quien realiz\u00f3&nbsp; la entrega de diversos mobiliarios a las [&hellip;]<\/p>\n","protected":false},"author":4,"featured_media":24495,"comment_status":"closed","ping_status":"closed","sticky":false,"template":"","format":"standard","meta":{"_joinchat":[],"footnotes":""},"categories":[39],"tags":[],"class_list":["post-24494","post","type-post","status-publish","format-standard","has-post-thumbnail","hentry","category-en-esta-seccion"],"_links":{"self":[{"href":"https:\/\/www.elpolitologoyelpolitico.com.ar\/wordpress\/wp-json\/wp\/v2\/posts\/24494","targetHints":{"allow":["GET"]}}],"collection":[{"href":"https:\/\/www.elpolitologoyelpolitico.com.ar\/wordpress\/wp-json\/wp\/v2\/posts"}],"about":[{"href":"https:\/\/www.elpolitologoyelpolitico.com.ar\/wordpress\/wp-json\/wp\/v2\/types\/post"}],"author":[{"embeddable":true,"href":"https:\/\/www.elpolitologoyelpolitico.com.ar\/wordpress\/wp-json\/wp\/v2\/users\/4"}],"replies":[{"embeddable":true,"href":"https:\/\/www.elpolitologoyelpolitico.com.ar\/wordpress\/wp-json\/wp\/v2\/comments?post=24494"}],"version-history":[{"count":0,"href":"https:\/\/www.elpolitologoyelpolitico.com.ar\/wordpress\/wp-json\/wp\/v2\/posts\/24494\/revisions"}],"wp:featuredmedia":[{"embeddable":true,"href":"https:\/\/www.elpolitologoyelpolitico.com.ar\/wordpress\/wp-json\/wp\/v2\/media\/24495"}],"wp:attachment":[{"href":"https:\/\/www.elpolitologoyelpolitico.com.ar\/wordpress\/wp-json\/wp\/v2\/media?parent=24494"}],"wp:term":[{"taxonomy":"category","embeddable":true,"href":"https:\/\/www.elpolitologoyelpolitico.com.ar\/wordpress\/wp-json\/wp\/v2\/categories?post=24494"},{"taxonomy":"post_tag","embeddable":true,"href":"https:\/\/www.elpolitologoyelpolitico.com.ar\/wordpress\/wp-json\/wp\/v2\/tags?post=24494"}],"curies":[{"name":"wp","href":"https:\/\/api.w.org\/{rel}","templated":true}]}}