{"id":24490,"date":"2022-09-16T18:46:05","date_gmt":"2022-09-16T18:46:05","guid":{"rendered":"https:\/\/www.elpolitologoyelpolitico.com.ar\/wordpress\/?p=24490"},"modified":"2022-09-16T18:47:12","modified_gmt":"2022-09-16T18:47:12","slug":"este-fin-de-semana-folklore-y-tango-para-escuchar-en-el-centro-cultural","status":"publish","type":"post","link":"https:\/\/www.elpolitologoyelpolitico.com.ar\/wordpress\/2022\/09\/16\/este-fin-de-semana-folklore-y-tango-para-escuchar-en-el-centro-cultural\/","title":{"rendered":"Este fin de semana \u201cFolklore y Tango para escuchar\u201d en el Centro Cultural"},"content":{"rendered":"\n<p>Este s\u00e1bado 17 de septiembre desde las 21 en el Centro Municipal de Cultura Angel Curruhuinca presenta \u201cFolclore y Tango para escuchar\u201d, un festival organizado desde su programa radial de ra\u00edz folcl\u00f3rica Mirando hacia el Sur.<\/p>\n\n\n\n<p>Las entradas pueden ser adquiridas al tel\u00e9fono 2920308388 con un valor de $500.<\/p>\n\n\n\n<p>Esta edici\u00f3n contar\u00e1 con la actuaci\u00f3n de Facundo Rivas y Oriana Soledad Muller, Alejandro Badia, Luis Angel Javier Carriqueo, Elias Navarrete , Gisel Bustos y la agrupaci\u00f3n Quejas de Bandone\u00f3n.<\/p>\n\n\n\n<p>En este evento la m\u00fasica y danzas son protagonistas de un espacio apto para disfrutar de este tipo de propuestas, donde el respeto por el p\u00fablico y artistas son esenciales para seguir difundiendo la m\u00fasica folcl\u00f3rica de la comarca y la regi\u00f3n.<\/p>\n<div class=\"fb-background-color\">\n\t\t\t  <div \n\t\t\t  \tclass = \"fb-comments\" \n\t\t\t  \tdata-href = \"https:\/\/www.elpolitologoyelpolitico.com.ar\/wordpress\/2022\/09\/16\/este-fin-de-semana-folklore-y-tango-para-escuchar-en-el-centro-cultural\/\"\n\t\t\t  \tdata-numposts = \"10\"\n\t\t\t  \tdata-lazy = \"true\"\n\t\t\t\tdata-colorscheme = \"light\"\n\t\t\t\tdata-order-by = \"social\"\n\t\t\t\tdata-mobile=true>\n\t\t\t  <\/div><\/div>\n\t\t  <style>\n\t\t    .fb-background-color {\n\t\t\t\tbackground: #ffffff !important;\n\t\t\t}\n\t\t\t.fb_iframe_widget_fluid_desktop iframe {\n\t\t\t    width: 100% !important;\n\t\t\t}\n\t\t  <\/style>\n\t\t  ","protected":false},"excerpt":{"rendered":"<p>Este s\u00e1bado 17 de septiembre desde las 21 en el Centro Municipal de Cultura Angel Curruhuinca presenta \u201cFolclore y Tango para escuchar\u201d, un festival organizado desde su programa radial de ra\u00edz folcl\u00f3rica Mirando hacia el Sur. Las entradas pueden ser adquiridas al tel\u00e9fono 2920308388 con un valor de $500. Esta edici\u00f3n contar\u00e1 con la actuaci\u00f3n [&hellip;]<\/p>\n","protected":false},"author":4,"featured_media":24491,"comment_status":"closed","ping_status":"closed","sticky":false,"template":"","format":"standard","meta":{"_joinchat":[],"footnotes":""},"categories":[39],"tags":[],"class_list":["post-24490","post","type-post","status-publish","format-standard","has-post-thumbnail","hentry","category-en-esta-seccion"],"_links":{"self":[{"href":"https:\/\/www.elpolitologoyelpolitico.com.ar\/wordpress\/wp-json\/wp\/v2\/posts\/24490","targetHints":{"allow":["GET"]}}],"collection":[{"href":"https:\/\/www.elpolitologoyelpolitico.com.ar\/wordpress\/wp-json\/wp\/v2\/posts"}],"about":[{"href":"https:\/\/www.elpolitologoyelpolitico.com.ar\/wordpress\/wp-json\/wp\/v2\/types\/post"}],"author":[{"embeddable":true,"href":"https:\/\/www.elpolitologoyelpolitico.com.ar\/wordpress\/wp-json\/wp\/v2\/users\/4"}],"replies":[{"embeddable":true,"href":"https:\/\/www.elpolitologoyelpolitico.com.ar\/wordpress\/wp-json\/wp\/v2\/comments?post=24490"}],"version-history":[{"count":0,"href":"https:\/\/www.elpolitologoyelpolitico.com.ar\/wordpress\/wp-json\/wp\/v2\/posts\/24490\/revisions"}],"wp:featuredmedia":[{"embeddable":true,"href":"https:\/\/www.elpolitologoyelpolitico.com.ar\/wordpress\/wp-json\/wp\/v2\/media\/24491"}],"wp:attachment":[{"href":"https:\/\/www.elpolitologoyelpolitico.com.ar\/wordpress\/wp-json\/wp\/v2\/media?parent=24490"}],"wp:term":[{"taxonomy":"category","embeddable":true,"href":"https:\/\/www.elpolitologoyelpolitico.com.ar\/wordpress\/wp-json\/wp\/v2\/categories?post=24490"},{"taxonomy":"post_tag","embeddable":true,"href":"https:\/\/www.elpolitologoyelpolitico.com.ar\/wordpress\/wp-json\/wp\/v2\/tags?post=24490"}],"curies":[{"name":"wp","href":"https:\/\/api.w.org\/{rel}","templated":true}]}}