{"id":24483,"date":"2022-09-16T18:30:11","date_gmt":"2022-09-16T18:30:11","guid":{"rendered":"https:\/\/www.elpolitologoyelpolitico.com.ar\/wordpress\/?p=24483"},"modified":"2022-09-16T18:31:01","modified_gmt":"2022-09-16T18:31:01","slug":"el-intendente-zara-recibio-al-referente-de-la-direccion-de-cultura-y-educacion-miguel-simonetti","status":"publish","type":"post","link":"https:\/\/www.elpolitologoyelpolitico.com.ar\/wordpress\/2022\/09\/16\/el-intendente-zara-recibio-al-referente-de-la-direccion-de-cultura-y-educacion-miguel-simonetti\/","title":{"rendered":"El Intendente Zara recibi\u00f3 al referente de la Direcci\u00f3n de Cultura y Educaci\u00f3n, Miguel Simonetti"},"content":{"rendered":"\n<p>Este jueves, el Intendente Municipal, Ing. Jos\u00e9 Luis Zara, recibi\u00f3 al Director de Prensa de la Direcci\u00f3n de Cultura y Educaci\u00f3n de la Provincia, Miguel Simonetti.&nbsp;<\/p>\n\n\n\n<p>Se reunieron en la Escuela Primaria N\u00b02, de Carmen de Patagones, junto a inspectoras de distintos niveles y directivos de la instituci\u00f3n.&nbsp;<\/p>\n\n\n\n<p>En la oportunidad, el jefe comunal le di\u00f3 la bienvenida al funcionario al Distrito y dialogaron sobre diversos temas referido a educaci\u00f3n.<\/p>\n\n\n\n<figure class=\"wp-block-gallery has-nested-images columns-default is-cropped wp-block-gallery-1 is-layout-flex wp-block-gallery-is-layout-flex\">\n<figure class=\"wp-block-image size-large\"><img fetchpriority=\"high\" decoding=\"async\" width=\"720\" height=\"317\" data-id=\"24486\" src=\"https:\/\/www.elpolitologoyelpolitico.com.ar\/wp-content\/uploads\/2022\/09\/IMG-20220916-WA0027.jpg\" alt=\"\" class=\"wp-image-24486\" srcset=\"https:\/\/www.elpolitologoyelpolitico.com.ar\/wp-content\/uploads\/2022\/09\/IMG-20220916-WA0027.jpg 720w, https:\/\/www.elpolitologoyelpolitico.com.ar\/wp-content\/uploads\/2022\/09\/IMG-20220916-WA0027-300x132.jpg 300w\" sizes=\"(max-width: 720px) 100vw, 720px\" \/><\/figure>\n\n\n\n<figure class=\"wp-block-image size-large\"><img decoding=\"async\" width=\"720\" height=\"325\" data-id=\"24487\" src=\"https:\/\/www.elpolitologoyelpolitico.com.ar\/wp-content\/uploads\/2022\/09\/IMG-20220916-WA0025-1.jpg\" alt=\"\" class=\"wp-image-24487\" srcset=\"https:\/\/www.elpolitologoyelpolitico.com.ar\/wp-content\/uploads\/2022\/09\/IMG-20220916-WA0025-1.jpg 720w, https:\/\/www.elpolitologoyelpolitico.com.ar\/wp-content\/uploads\/2022\/09\/IMG-20220916-WA0025-1-300x135.jpg 300w\" sizes=\"(max-width: 720px) 100vw, 720px\" \/><\/figure>\n<\/figure>\n<div class=\"fb-background-color\">\n\t\t\t  <div \n\t\t\t  \tclass = \"fb-comments\" \n\t\t\t  \tdata-href = \"https:\/\/www.elpolitologoyelpolitico.com.ar\/wordpress\/2022\/09\/16\/el-intendente-zara-recibio-al-referente-de-la-direccion-de-cultura-y-educacion-miguel-simonetti\/\"\n\t\t\t  \tdata-numposts = \"10\"\n\t\t\t  \tdata-lazy = \"true\"\n\t\t\t\tdata-colorscheme = \"light\"\n\t\t\t\tdata-order-by = \"social\"\n\t\t\t\tdata-mobile=true>\n\t\t\t  <\/div><\/div>\n\t\t  <style>\n\t\t    .fb-background-color {\n\t\t\t\tbackground: #ffffff !important;\n\t\t\t}\n\t\t\t.fb_iframe_widget_fluid_desktop iframe {\n\t\t\t    width: 100% !important;\n\t\t\t}\n\t\t  <\/style>\n\t\t  ","protected":false},"excerpt":{"rendered":"<p>Este jueves, el Intendente Municipal, Ing. Jos\u00e9 Luis Zara, recibi\u00f3 al Director de Prensa de la Direcci\u00f3n de Cultura y Educaci\u00f3n de la Provincia, Miguel Simonetti.&nbsp; Se reunieron en la Escuela Primaria N\u00b02, de Carmen de Patagones, junto a inspectoras de distintos niveles y directivos de la instituci\u00f3n.&nbsp; En la oportunidad, el jefe comunal le [&hellip;]<\/p>\n","protected":false},"author":4,"featured_media":24485,"comment_status":"closed","ping_status":"closed","sticky":false,"template":"","format":"standard","meta":{"_joinchat":[],"footnotes":""},"categories":[39],"tags":[],"class_list":["post-24483","post","type-post","status-publish","format-standard","has-post-thumbnail","hentry","category-en-esta-seccion"],"_links":{"self":[{"href":"https:\/\/www.elpolitologoyelpolitico.com.ar\/wordpress\/wp-json\/wp\/v2\/posts\/24483","targetHints":{"allow":["GET"]}}],"collection":[{"href":"https:\/\/www.elpolitologoyelpolitico.com.ar\/wordpress\/wp-json\/wp\/v2\/posts"}],"about":[{"href":"https:\/\/www.elpolitologoyelpolitico.com.ar\/wordpress\/wp-json\/wp\/v2\/types\/post"}],"author":[{"embeddable":true,"href":"https:\/\/www.elpolitologoyelpolitico.com.ar\/wordpress\/wp-json\/wp\/v2\/users\/4"}],"replies":[{"embeddable":true,"href":"https:\/\/www.elpolitologoyelpolitico.com.ar\/wordpress\/wp-json\/wp\/v2\/comments?post=24483"}],"version-history":[{"count":0,"href":"https:\/\/www.elpolitologoyelpolitico.com.ar\/wordpress\/wp-json\/wp\/v2\/posts\/24483\/revisions"}],"wp:featuredmedia":[{"embeddable":true,"href":"https:\/\/www.elpolitologoyelpolitico.com.ar\/wordpress\/wp-json\/wp\/v2\/media\/24485"}],"wp:attachment":[{"href":"https:\/\/www.elpolitologoyelpolitico.com.ar\/wordpress\/wp-json\/wp\/v2\/media?parent=24483"}],"wp:term":[{"taxonomy":"category","embeddable":true,"href":"https:\/\/www.elpolitologoyelpolitico.com.ar\/wordpress\/wp-json\/wp\/v2\/categories?post=24483"},{"taxonomy":"post_tag","embeddable":true,"href":"https:\/\/www.elpolitologoyelpolitico.com.ar\/wordpress\/wp-json\/wp\/v2\/tags?post=24483"}],"curies":[{"name":"wp","href":"https:\/\/api.w.org\/{rel}","templated":true}]}}