{"id":24476,"date":"2022-09-16T18:12:18","date_gmt":"2022-09-16T18:12:18","guid":{"rendered":"https:\/\/www.elpolitologoyelpolitico.com.ar\/wordpress\/?p=24476"},"modified":"2022-09-16T18:14:06","modified_gmt":"2022-09-16T18:14:06","slug":"mas-de-1600-ninas-y-ninos-disfrutaron-del-12-encuentro-de-arte-infantil-en-los-centros-culturales","status":"publish","type":"post","link":"https:\/\/www.elpolitologoyelpolitico.com.ar\/wordpress\/2022\/09\/16\/mas-de-1600-ninas-y-ninos-disfrutaron-del-12-encuentro-de-arte-infantil-en-los-centros-culturales\/","title":{"rendered":"M\u00e1s de 1600 ni\u00f1as y ni\u00f1os disfrutaron del 12\u00b0 Encuentro de Arte Infantil en los Centros Culturales"},"content":{"rendered":"\n<p>El gobierno de Viedma llev\u00f3 adelante el 12\u00b0 Encuentro de Arte infantil con la participaci\u00f3n de m\u00e1s de 1600 ni\u00f1as y ni\u00f1os que disfrutaron de diferentes actividades en el Centro Cultural I y II.<\/p>\n\n\n\n<p>En el encuentro se desarrollaron m\u00faltiples actividades y talleres de arte, espect\u00e1culos infantiles brindados por diferentes instituciones y agrupaciones, exposiciones de muestras pl\u00e1sticas realizadas por escuelas primarias y un espect\u00e1culo infantil con la actuaci\u00f3n del Payaso Pat\u00fa.<\/p>\n\n\n\n<p>El subsecretario de Cultura, Fernando M\u00e1ntaras, remarc\u00f3 el trabajo del equipo docente de Cultura \u201cesta actividad fue coordinada y organizada por el \u00e1rea, con mucho compromiso y dedicaci\u00f3n de todo el personal docente\u201c<\/p>\n\n\n\n<p>\u201cEstamos orgullosos de que tantos chicos hayan disfrutado de estas jornadas cargadas de arte, talleres y entretenimiento\u201d agreg\u00f3 el funcionario.<\/p>\n\n\n\n<p>El Encuentro de Arte Infantil forma parte de la programaci\u00f3n anual de la subsecretar\u00eda de Cultura, dependiente de la Secretar\u00eda de Turismo, Cultura y Deporte del gobierno de Viedma.<\/p>\n\n\n\n<figure class=\"wp-block-gallery has-nested-images columns-default is-cropped wp-block-gallery-1 is-layout-flex wp-block-gallery-is-layout-flex\">\n<figure class=\"wp-block-image size-large\"><img fetchpriority=\"high\" decoding=\"async\" width=\"720\" height=\"423\" data-id=\"24478\" src=\"https:\/\/www.elpolitologoyelpolitico.com.ar\/wp-content\/uploads\/2022\/09\/IMG-20220916-WA0023.jpg\" alt=\"\" class=\"wp-image-24478\" srcset=\"https:\/\/www.elpolitologoyelpolitico.com.ar\/wp-content\/uploads\/2022\/09\/IMG-20220916-WA0023.jpg 720w, https:\/\/www.elpolitologoyelpolitico.com.ar\/wp-content\/uploads\/2022\/09\/IMG-20220916-WA0023-300x176.jpg 300w\" sizes=\"(max-width: 720px) 100vw, 720px\" \/><\/figure>\n\n\n\n<figure class=\"wp-block-image size-large\"><img decoding=\"async\" width=\"720\" height=\"482\" data-id=\"24480\" src=\"https:\/\/www.elpolitologoyelpolitico.com.ar\/wp-content\/uploads\/2022\/09\/IMG-20220916-WA0024.jpg\" alt=\"\" class=\"wp-image-24480\" srcset=\"https:\/\/www.elpolitologoyelpolitico.com.ar\/wp-content\/uploads\/2022\/09\/IMG-20220916-WA0024.jpg 720w, https:\/\/www.elpolitologoyelpolitico.com.ar\/wp-content\/uploads\/2022\/09\/IMG-20220916-WA0024-300x201.jpg 300w\" sizes=\"(max-width: 720px) 100vw, 720px\" \/><\/figure>\n\n\n\n<figure class=\"wp-block-image size-large\"><img decoding=\"async\" width=\"720\" height=\"479\" data-id=\"24479\" src=\"https:\/\/www.elpolitologoyelpolitico.com.ar\/wp-content\/uploads\/2022\/09\/IMG-20220916-WA0022.jpg\" alt=\"\" class=\"wp-image-24479\" srcset=\"https:\/\/www.elpolitologoyelpolitico.com.ar\/wp-content\/uploads\/2022\/09\/IMG-20220916-WA0022.jpg 720w, https:\/\/www.elpolitologoyelpolitico.com.ar\/wp-content\/uploads\/2022\/09\/IMG-20220916-WA0022-300x200.jpg 300w\" sizes=\"(max-width: 720px) 100vw, 720px\" \/><\/figure>\n<\/figure>\n<div class=\"fb-background-color\">\n\t\t\t  <div \n\t\t\t  \tclass = \"fb-comments\" \n\t\t\t  \tdata-href = \"https:\/\/www.elpolitologoyelpolitico.com.ar\/wordpress\/2022\/09\/16\/mas-de-1600-ninas-y-ninos-disfrutaron-del-12-encuentro-de-arte-infantil-en-los-centros-culturales\/\"\n\t\t\t  \tdata-numposts = \"10\"\n\t\t\t  \tdata-lazy = \"true\"\n\t\t\t\tdata-colorscheme = \"light\"\n\t\t\t\tdata-order-by = \"social\"\n\t\t\t\tdata-mobile=true>\n\t\t\t  <\/div><\/div>\n\t\t  <style>\n\t\t    .fb-background-color {\n\t\t\t\tbackground: #ffffff !important;\n\t\t\t}\n\t\t\t.fb_iframe_widget_fluid_desktop iframe {\n\t\t\t    width: 100% !important;\n\t\t\t}\n\t\t  <\/style>\n\t\t  ","protected":false},"excerpt":{"rendered":"<p>El gobierno de Viedma llev\u00f3 adelante el 12\u00b0 Encuentro de Arte infantil con la participaci\u00f3n de m\u00e1s de 1600 ni\u00f1as y ni\u00f1os que disfrutaron de diferentes actividades en el Centro Cultural I y II. En el encuentro se desarrollaron m\u00faltiples actividades y talleres de arte, espect\u00e1culos infantiles brindados por diferentes instituciones y agrupaciones, exposiciones de [&hellip;]<\/p>\n","protected":false},"author":4,"featured_media":24477,"comment_status":"closed","ping_status":"closed","sticky":false,"template":"","format":"standard","meta":{"_joinchat":[],"footnotes":""},"categories":[39],"tags":[],"class_list":["post-24476","post","type-post","status-publish","format-standard","has-post-thumbnail","hentry","category-en-esta-seccion"],"_links":{"self":[{"href":"https:\/\/www.elpolitologoyelpolitico.com.ar\/wordpress\/wp-json\/wp\/v2\/posts\/24476","targetHints":{"allow":["GET"]}}],"collection":[{"href":"https:\/\/www.elpolitologoyelpolitico.com.ar\/wordpress\/wp-json\/wp\/v2\/posts"}],"about":[{"href":"https:\/\/www.elpolitologoyelpolitico.com.ar\/wordpress\/wp-json\/wp\/v2\/types\/post"}],"author":[{"embeddable":true,"href":"https:\/\/www.elpolitologoyelpolitico.com.ar\/wordpress\/wp-json\/wp\/v2\/users\/4"}],"replies":[{"embeddable":true,"href":"https:\/\/www.elpolitologoyelpolitico.com.ar\/wordpress\/wp-json\/wp\/v2\/comments?post=24476"}],"version-history":[{"count":0,"href":"https:\/\/www.elpolitologoyelpolitico.com.ar\/wordpress\/wp-json\/wp\/v2\/posts\/24476\/revisions"}],"wp:featuredmedia":[{"embeddable":true,"href":"https:\/\/www.elpolitologoyelpolitico.com.ar\/wordpress\/wp-json\/wp\/v2\/media\/24477"}],"wp:attachment":[{"href":"https:\/\/www.elpolitologoyelpolitico.com.ar\/wordpress\/wp-json\/wp\/v2\/media?parent=24476"}],"wp:term":[{"taxonomy":"category","embeddable":true,"href":"https:\/\/www.elpolitologoyelpolitico.com.ar\/wordpress\/wp-json\/wp\/v2\/categories?post=24476"},{"taxonomy":"post_tag","embeddable":true,"href":"https:\/\/www.elpolitologoyelpolitico.com.ar\/wordpress\/wp-json\/wp\/v2\/tags?post=24476"}],"curies":[{"name":"wp","href":"https:\/\/api.w.org\/{rel}","templated":true}]}}